{"id":636,"date":"2010-09-16T13:10:38","date_gmt":"2010-09-16T12:10:38","guid":{"rendered":"http:\/\/www.laffer-bimbela.de\/?p=636"},"modified":"2010-09-20T14:48:21","modified_gmt":"2010-09-20T13:48:21","slug":"espanyol-bimbelona-equipe-tricolre-14-2-6-0","status":"publish","type":"post","link":"https:\/\/www.laffer-bimbela.de\/index.php\/archives\/spielberichte\/636-espanyol-bimbelona-equipe-tricolre-14-2-6-0.html","title":{"rendered":"Test: Espanyol Bimbelona &#8211; Equipe Tricolore 14-2 (6-0)"},"content":{"rendered":"<p>&#8230;oder auch&#8230;.<\/p>\n<p>\u201e<em>Hochmut kommt vor dem Fall,<br \/>\nspiel&#8217; nicht wie Frankreich Fu\u00dfball,<br \/>\nich glaub&#8217; nicht an Zufall;<br \/>\nJeder bekommt was er verdient<\/em>\u201c<br \/>\n(<a href=\"http:\/\/www.youtube.com\/watch?v=_60coRlFdKE\" target=\"_blank\">Nikitman \u2013 Der K\u00f6nig ist tot<\/a> auf youtube)<\/p>\n<blockquote><p>&#8220;<em>Morgen wird Bimbelona auseinander genommen \ud83d\ude09<br \/>\nMit dem Kader, wow \ud83d\ude09<\/em>&#8220;<\/p><\/blockquote>\n<p>Trotz zahlreicher kurzfristiger Ausf\u00e4lle (Brandl, Meu\u00dfel, Schober, Schober, Kempe) lie\u00dfen wir uns auf ein Match gegen den neuen Stern am Hobbyligahimmel ein. Die zahlreichen Ausf\u00e4lle f\u00fchrten jedoch dazu dass wir potentielle Neuverpflichtungen f\u00fcr die n\u00e4chste Saison testen konnten. So spielten Andi Berger und Mark Ebenhack (beide waren ja bereits f\u00fcr die Laffer Bimbela Amateure aktiv) bei uns mit, konnten sich durch gute Leistungen empfehlen und durften direkt nach dem Spiel Ihre Vertr\u00e4ge f\u00fcr die Saison 2011 unterzeichnen. Die anderen getesteten Spieler Julian Wagner, Christian Knell und Basti Heidenreich blieben jedoch hinter unseren Erwartungen zur\u00fcck \ud83d\ude09 und werden wohl nicht in das Lager der Bimbelafirma wechseln.<\/p>\n<p>Zum Spiel an f\u00fcr sich gibt es nicht allzu viel zu sagen. Espanyol zeigte den jungen Vereinsspielern von Anfang an wo es lang geht. Die Abwehr um Nafets, Schubi und Berger war kaum gefordert und Basti bekam in Halbzeit eins genau einen Ball aufs Tor. Ansonsten spielte sich das Geschehen haupts\u00e4chlich in der H\u00e4lfte der Equipe ab und Hobbyligachef Wagner war es dann auch vorbehalten das 1:0 f\u00fcr Espanyol zu erzielen. Chancen f\u00fcr Bimbelona folgten im Minutentakt und eine durchaus h\u00f6here F\u00fchrung w\u00e4re durchaus verdient gewesen, allerdings \u00fcbertrafen wir uns mal wieder gegenseitig im auslassen der Gro\u00dfchancen (die Krone daf\u00fcr hab ich gleich mal behalten).<\/p>\n<p>Besonders auff\u00e4llig waren die beiden begnadeten Techniker bei der Equipe Tricolore, ich wei\u00df noch nicht welcher von beiden genau \u201eAnelka\u201c und welcher \u201eRibery\u201c war. Beide \u00fcberzeugten mit gro\u00dfkotzigen \u00dcbersteigern, uneffektivem Gekicke und sorgten so f\u00fcr diverse Lacher auf unserer Seite.<\/p>\n<p>Mit einem \u00fcberzeugenden 6-0 gingen wir dann auch in die Halbzeit und lie\u00dfen das Ganze dann n bissl lockerer angehen. Amende und meine Wenigkeit rauchten erst mal eine, Berger wechselte ins Tor und zu Beginn der zweiten Halbzeit spielten wir mal komplett ohne Abwehr, was bei diesem Gegner aber auch nicht weiter schlimm war da diese auch weiterhin mit \u00dcbersteigern in der eigenen H\u00e4lfte besch\u00e4ftigt waren.<\/p>\n<p>Zwischendurch wurde das Spiel etwas robuster, selbst Schubi wurde bei einem wundersch\u00f6nen Alleingang von den Beinen geholt. Die Franzosen konnten dank Andi Berger im Tor dann auch Ihre zwei Ehrentreffer erzielen (gut da waren auch no n&#8217;paar Sch\u00fcsse ans Aluminium dabei, aber auch nur weil wir in Halbzeit 2 nicht mehr recht konsequent verteidigt haben). In der Offensive weiterhin das gleiche Bild, diverse Torchancen wurde ausgelassen aber Tommy (der am Samstag sein Abschiedsspiel f\u00fcr Espanyol geben wird \u2013 wechselt nach der Saison zu Lok Lauf, Kickers Orjanie oder wat weiss ich, hei\u00dfen ja alle drei Tage anders :-)), Mark, Basti, Jul und Amende (mit einem wundersch\u00f6nen Tor) konnten noch dementsprechend erh\u00f6hen.<\/p>\n<p>Nach unserem 14ten Treffer kam dann leider die Dunkelheit was uns die Chance nahm auf 20 Tore zu erh\u00f6hen.<\/p>\n<p>Alles in Allem ein hoch verdienter Sieg.<\/p>\n<p>Equipe Tricole wird mit dieser Spielweise ein gern gesehener Punktelieferant in Liga 3 sein (wobei ich den einzelnen Leuten nicht absprechen m\u00f6chte das sie was mit dem Ball anfangen k\u00f6nnen, aber Fu\u00dfball ist und bleibt ein Mannschaftssport!!!), aber bis zur neuen Saison ist ja noch n bissl hin&#8230;.<\/p>\n<p>P.S. Die beiden Starspieler (&#8220;<em>keiner hier spielt h\u00f6her als wie ich<\/em>&#8221; ;-)) wurden von der Equipe w\u00e4hrend der zweiten Halbzeit nach Hause geschickt. Und die Entschuldigung vom Ju haben wir nat\u00fcrlich gerne angenommen.<\/p>\n<p><em>Florian Winter<\/em><\/p>\n<p><span style=\"text-decoration: underline;\">F\u00fcr Espanyol waren am Start<\/span><br \/>\n&#8211;\u00a0\u00a0 Basti \u2013 1 Tor-\u00a0\u00a0 Eumel \u2013 diverse Torvorlangen<br \/>\n&#8211;\u00a0\u00a0 Berger \u2013 1 Tor<br \/>\n&#8211;\u00a0\u00a0 Schubi<br \/>\n&#8211;\u00a0\u00a0 Nafets<br \/>\n&#8211;\u00a0\u00a0 Amende \u2013 1 Tor<br \/>\n&#8211;\u00a0\u00a0 Jul \u2013 4 Tore<br \/>\n&#8211;\u00a0\u00a0 Tommy \u2013 3 Tore<br \/>\n&#8211;\u00a0\u00a0 Winter \u2013 1 Tor<br \/>\n&#8211;\u00a0\u00a0 Mark \u2013 3 Tore<\/p>\n<p><a href=\"http:\/\/equipe-tricolore-lauf.npage.de\/spielberichte_18824388.html\" target=\"_blank\">Equipe Tricolore Spielbericht hier<\/a><\/p>\n<div class=\"sharedaddy sd-sharing-enabled\"><div class=\"robots-nocontent sd-block sd-social sd-social-icon sd-sharing\"><h3 class=\"sd-title\">Teilen \u00fcber:<\/h3><div class=\"sd-content\"><ul><li class=\"share-email\"><a rel=\"nofollow noopener noreferrer\" data-shared=\"\" class=\"share-email sd-button share-icon no-text\" href=\"https:\/\/www.laffer-bimbela.de\/index.php\/archives\/spielberichte\/636-espanyol-bimbelona-equipe-tricolre-14-2-6-0.html?share=email\" target=\"_blank\" title=\"Klick, um dies einem Freund per E-Mail zu senden\"><span><\/span><span class=\"sharing-screen-reader-text\">Klick, um dies einem Freund per E-Mail zu senden (Wird in neuem Fenster ge\u00f6ffnet)<\/span><\/a><\/li><li class=\"share-twitter\"><a rel=\"nofollow noopener noreferrer\" data-shared=\"sharing-twitter-636\" class=\"share-twitter sd-button share-icon no-text\" href=\"https:\/\/www.laffer-bimbela.de\/index.php\/archives\/spielberichte\/636-espanyol-bimbelona-equipe-tricolre-14-2-6-0.html?share=twitter\" target=\"_blank\" title=\"Klick, um \u00fcber Twitter zu teilen\"><span><\/span><span class=\"sharing-screen-reader-text\">Klick, um \u00fcber Twitter zu teilen (Wird in neuem Fenster ge\u00f6ffnet)<\/span><\/a><\/li><li><a href=\"#\" class=\"sharing-anchor sd-button share-more\"><span>Mehr<\/span><\/a><\/li><li class=\"share-end\"><\/li><\/ul><div class=\"sharing-hidden\"><div class=\"inner\" style=\"display: none;width:150px;\"><ul style=\"background-image:none;\"><li class=\"share-facebook\"><a rel=\"nofollow noopener noreferrer\" data-shared=\"sharing-facebook-636\" class=\"share-facebook sd-button share-icon no-text\" href=\"https:\/\/www.laffer-bimbela.de\/index.php\/archives\/spielberichte\/636-espanyol-bimbelona-equipe-tricolre-14-2-6-0.html?share=facebook\" target=\"_blank\" title=\"Klick, um auf Facebook zu teilen\"><span><\/span><span class=\"sharing-screen-reader-text\">Klick, um auf Facebook zu teilen (Wird in neuem Fenster ge\u00f6ffnet)<\/span><\/a><\/li><li class=\"share-end\"><\/li><\/ul><\/div><\/div><\/div><\/div><\/div>","protected":false},"excerpt":{"rendered":"<p>&#8230;oder auch&#8230;. \u201eHochmut kommt vor dem Fall, spiel&#8217; nicht wie Frankreich Fu\u00dfball, ich glaub&#8217; nicht an Zufall; Jeder bekommt was er verdient\u201c (Nikitman \u2013 Der K\u00f6nig ist tot auf youtube) &#8220;Morgen wird Bimbelona auseinander genommen \ud83d\ude09 Mit dem Kader, wow \ud83d\ude09&#8220; Trotz zahlreicher kurzfristiger Ausf\u00e4lle (Brandl, Meu\u00dfel, Schober, Schober, Kempe) lie\u00dfen wir uns auf ein [&hellip;]<\/p>\n<div class=\"sharedaddy sd-sharing-enabled\"><div class=\"robots-nocontent sd-block sd-social sd-social-icon sd-sharing\"><h3 class=\"sd-title\">Teilen \u00fcber:<\/h3><div class=\"sd-content\"><ul><li class=\"share-email\"><a rel=\"nofollow noopener noreferrer\" data-shared=\"\" class=\"share-email sd-button share-icon no-text\" href=\"https:\/\/www.laffer-bimbela.de\/index.php\/archives\/spielberichte\/636-espanyol-bimbelona-equipe-tricolre-14-2-6-0.html?share=email\" target=\"_blank\" title=\"Klick, um dies einem Freund per E-Mail zu senden\"><span><\/span><span class=\"sharing-screen-reader-text\">Klick, um dies einem Freund per E-Mail zu senden (Wird in neuem Fenster ge\u00f6ffnet)<\/span><\/a><\/li><li class=\"share-twitter\"><a rel=\"nofollow noopener noreferrer\" data-shared=\"sharing-twitter-636\" class=\"share-twitter sd-button share-icon no-text\" href=\"https:\/\/www.laffer-bimbela.de\/index.php\/archives\/spielberichte\/636-espanyol-bimbelona-equipe-tricolre-14-2-6-0.html?share=twitter\" target=\"_blank\" title=\"Klick, um \u00fcber Twitter zu teilen\"><span><\/span><span class=\"sharing-screen-reader-text\">Klick, um \u00fcber Twitter zu teilen (Wird in neuem Fenster ge\u00f6ffnet)<\/span><\/a><\/li><li><a href=\"#\" class=\"sharing-anchor sd-button share-more\"><span>Mehr<\/span><\/a><\/li><li class=\"share-end\"><\/li><\/ul><div class=\"sharing-hidden\"><div class=\"inner\" style=\"display: none;width:150px;\"><ul style=\"background-image:none;\"><li class=\"share-facebook\"><a rel=\"nofollow noopener noreferrer\" data-shared=\"sharing-facebook-636\" class=\"share-facebook sd-button share-icon no-text\" href=\"https:\/\/www.laffer-bimbela.de\/index.php\/archives\/spielberichte\/636-espanyol-bimbelona-equipe-tricolre-14-2-6-0.html?share=facebook\" target=\"_blank\" title=\"Klick, um auf Facebook zu teilen\"><span><\/span><span class=\"sharing-screen-reader-text\">Klick, um auf Facebook zu teilen (Wird in neuem Fenster ge\u00f6ffnet)<\/span><\/a><\/li><li class=\"share-end\"><\/li><\/ul><\/div><\/div><\/div><\/div><\/div>","protected":false},"author":2,"featured_media":0,"comment_status":"open","ping_status":"open","sticky":false,"template":"","format":"standard","meta":{"spay_email":"","jetpack_publicize_message":""},"categories":[2],"tags":[89,16],"jetpack_featured_media_url":"","jetpack_publicize_connections":[],"yoast_head":"<!-- This site is optimized with the Yoast SEO plugin v18.2 - https:\/\/yoast.com\/wordpress\/plugins\/seo\/ -->\n<meta name=\"robots\" content=\"index, follow, max-snippet:-1, max-image-preview:large, max-video-preview:-1\" \/>\n<link rel=\"canonical\" href=\"https:\/\/www.laffer-bimbela.de\/index.php\/archives\/spielberichte\/636-espanyol-bimbelona-equipe-tricolre-14-2-6-0.html\" \/>\n<meta property=\"og:locale\" content=\"de_DE\" \/>\n<meta property=\"og:type\" content=\"article\" \/>\n<meta property=\"og:title\" content=\"Test: Espanyol Bimbelona - Equipe Tricolore 14-2 (6-0) - Die Laffer Bimbela\" \/>\n<meta property=\"og:description\" content=\"&#8230;oder auch&#8230;. \u201eHochmut kommt vor dem Fall, spiel&#8217; nicht wie Frankreich Fu\u00dfball, ich glaub&#8217; nicht an Zufall; Jeder bekommt was er verdient\u201c (Nikitman \u2013 Der K\u00f6nig ist tot auf youtube) &#8220;Morgen wird Bimbelona auseinander genommen \ud83d\ude09 Mit dem Kader, wow \ud83d\ude09&#8220; Trotz zahlreicher kurzfristiger Ausf\u00e4lle (Brandl, Meu\u00dfel, Schober, Schober, Kempe) lie\u00dfen wir uns auf ein [&hellip;]\" \/>\n<meta property=\"og:url\" content=\"https:\/\/www.laffer-bimbela.de\/index.php\/archives\/spielberichte\/636-espanyol-bimbelona-equipe-tricolre-14-2-6-0.html\" \/>\n<meta property=\"og:site_name\" content=\"Die Laffer Bimbela\" \/>\n<meta property=\"article:published_time\" content=\"2010-09-16T12:10:38+00:00\" \/>\n<meta property=\"article:modified_time\" content=\"2010-09-20T13:48:21+00:00\" \/>\n<meta name=\"twitter:card\" content=\"summary_large_image\" \/>\n<meta name=\"twitter:label1\" content=\"Verfasst von\" \/>\n\t<meta name=\"twitter:data1\" content=\"Winter\" \/>\n\t<meta name=\"twitter:label2\" content=\"Gesch\u00e4tzte Lesezeit\" \/>\n\t<meta name=\"twitter:data2\" content=\"3\u00a0Minuten\" \/>\n<script type=\"application\/ld+json\" class=\"yoast-schema-graph\">{\"@context\":\"https:\/\/schema.org\",\"@graph\":[{\"@type\":\"WebSite\",\"@id\":\"https:\/\/www.laffer-bimbela.de\/#website\",\"url\":\"https:\/\/www.laffer-bimbela.de\/\",\"name\":\"Die Laffer Bimbela\",\"description\":\"1.FC N\u00fcrnberg Fanclub aus Lauf a.d. Pegnitz\",\"potentialAction\":[{\"@type\":\"SearchAction\",\"target\":{\"@type\":\"EntryPoint\",\"urlTemplate\":\"https:\/\/www.laffer-bimbela.de\/?s={search_term_string}\"},\"query-input\":\"required name=search_term_string\"}],\"inLanguage\":\"de\"},{\"@type\":\"WebPage\",\"@id\":\"https:\/\/www.laffer-bimbela.de\/index.php\/archives\/spielberichte\/636-espanyol-bimbelona-equipe-tricolre-14-2-6-0.html#webpage\",\"url\":\"https:\/\/www.laffer-bimbela.de\/index.php\/archives\/spielberichte\/636-espanyol-bimbelona-equipe-tricolre-14-2-6-0.html\",\"name\":\"Test: Espanyol Bimbelona - Equipe Tricolore 14-2 (6-0) - Die Laffer Bimbela\",\"isPartOf\":{\"@id\":\"https:\/\/www.laffer-bimbela.de\/#website\"},\"datePublished\":\"2010-09-16T12:10:38+00:00\",\"dateModified\":\"2010-09-20T13:48:21+00:00\",\"author\":{\"@id\":\"https:\/\/www.laffer-bimbela.de\/#\/schema\/person\/682c011f392842d02a3060a1fe20f240\"},\"breadcrumb\":{\"@id\":\"https:\/\/www.laffer-bimbela.de\/index.php\/archives\/spielberichte\/636-espanyol-bimbelona-equipe-tricolre-14-2-6-0.html#breadcrumb\"},\"inLanguage\":\"de\",\"potentialAction\":[{\"@type\":\"ReadAction\",\"target\":[\"https:\/\/www.laffer-bimbela.de\/index.php\/archives\/spielberichte\/636-espanyol-bimbelona-equipe-tricolre-14-2-6-0.html\"]}]},{\"@type\":\"BreadcrumbList\",\"@id\":\"https:\/\/www.laffer-bimbela.de\/index.php\/archives\/spielberichte\/636-espanyol-bimbelona-equipe-tricolre-14-2-6-0.html#breadcrumb\",\"itemListElement\":[{\"@type\":\"ListItem\",\"position\":1,\"name\":\"Startseite\",\"item\":\"https:\/\/www.laffer-bimbela.de\/\"},{\"@type\":\"ListItem\",\"position\":2,\"name\":\"Test: Espanyol Bimbelona &#8211; Equipe Tricolore 14-2 (6-0)\"}]},{\"@type\":\"Person\",\"@id\":\"https:\/\/www.laffer-bimbela.de\/#\/schema\/person\/682c011f392842d02a3060a1fe20f240\",\"name\":\"Winter\",\"image\":{\"@type\":\"ImageObject\",\"@id\":\"https:\/\/www.laffer-bimbela.de\/#personlogo\",\"inLanguage\":\"de\",\"url\":\"https:\/\/secure.gravatar.com\/avatar\/129d4f58a1d044690c3ec2a6a6e48abc?s=96&d=mm&r=g\",\"contentUrl\":\"https:\/\/secure.gravatar.com\/avatar\/129d4f58a1d044690c3ec2a6a6e48abc?s=96&d=mm&r=g\",\"caption\":\"Winter\"},\"sameAs\":[\"https:\/\/www.laffer-bimbela.de\"],\"url\":\"https:\/\/www.laffer-bimbela.de\/index.php\/archives\/author\/winter\"}]}<\/script>\n<!-- \/ Yoast SEO plugin. -->","yoast_head_json":{"robots":{"index":"index","follow":"follow","max-snippet":"max-snippet:-1","max-image-preview":"max-image-preview:large","max-video-preview":"max-video-preview:-1"},"canonical":"https:\/\/www.laffer-bimbela.de\/index.php\/archives\/spielberichte\/636-espanyol-bimbelona-equipe-tricolre-14-2-6-0.html","og_locale":"de_DE","og_type":"article","og_title":"Test: Espanyol Bimbelona - Equipe Tricolore 14-2 (6-0) - Die Laffer Bimbela","og_description":"&#8230;oder auch&#8230;. \u201eHochmut kommt vor dem Fall, spiel&#8217; nicht wie Frankreich Fu\u00dfball, ich glaub&#8217; nicht an Zufall; Jeder bekommt was er verdient\u201c (Nikitman \u2013 Der K\u00f6nig ist tot auf youtube) &#8220;Morgen wird Bimbelona auseinander genommen \ud83d\ude09 Mit dem Kader, wow \ud83d\ude09&#8220; Trotz zahlreicher kurzfristiger Ausf\u00e4lle (Brandl, Meu\u00dfel, Schober, Schober, Kempe) lie\u00dfen wir uns auf ein [&hellip;]","og_url":"https:\/\/www.laffer-bimbela.de\/index.php\/archives\/spielberichte\/636-espanyol-bimbelona-equipe-tricolre-14-2-6-0.html","og_site_name":"Die Laffer Bimbela","article_published_time":"2010-09-16T12:10:38+00:00","article_modified_time":"2010-09-20T13:48:21+00:00","twitter_card":"summary_large_image","twitter_misc":{"Verfasst von":"Winter","Gesch\u00e4tzte Lesezeit":"3\u00a0Minuten"},"schema":{"@context":"https:\/\/schema.org","@graph":[{"@type":"WebSite","@id":"https:\/\/www.laffer-bimbela.de\/#website","url":"https:\/\/www.laffer-bimbela.de\/","name":"Die Laffer Bimbela","description":"1.FC N\u00fcrnberg Fanclub aus Lauf a.d. Pegnitz","potentialAction":[{"@type":"SearchAction","target":{"@type":"EntryPoint","urlTemplate":"https:\/\/www.laffer-bimbela.de\/?s={search_term_string}"},"query-input":"required name=search_term_string"}],"inLanguage":"de"},{"@type":"WebPage","@id":"https:\/\/www.laffer-bimbela.de\/index.php\/archives\/spielberichte\/636-espanyol-bimbelona-equipe-tricolre-14-2-6-0.html#webpage","url":"https:\/\/www.laffer-bimbela.de\/index.php\/archives\/spielberichte\/636-espanyol-bimbelona-equipe-tricolre-14-2-6-0.html","name":"Test: Espanyol Bimbelona - Equipe Tricolore 14-2 (6-0) - Die Laffer Bimbela","isPartOf":{"@id":"https:\/\/www.laffer-bimbela.de\/#website"},"datePublished":"2010-09-16T12:10:38+00:00","dateModified":"2010-09-20T13:48:21+00:00","author":{"@id":"https:\/\/www.laffer-bimbela.de\/#\/schema\/person\/682c011f392842d02a3060a1fe20f240"},"breadcrumb":{"@id":"https:\/\/www.laffer-bimbela.de\/index.php\/archives\/spielberichte\/636-espanyol-bimbelona-equipe-tricolre-14-2-6-0.html#breadcrumb"},"inLanguage":"de","potentialAction":[{"@type":"ReadAction","target":["https:\/\/www.laffer-bimbela.de\/index.php\/archives\/spielberichte\/636-espanyol-bimbelona-equipe-tricolre-14-2-6-0.html"]}]},{"@type":"BreadcrumbList","@id":"https:\/\/www.laffer-bimbela.de\/index.php\/archives\/spielberichte\/636-espanyol-bimbelona-equipe-tricolre-14-2-6-0.html#breadcrumb","itemListElement":[{"@type":"ListItem","position":1,"name":"Startseite","item":"https:\/\/www.laffer-bimbela.de\/"},{"@type":"ListItem","position":2,"name":"Test: Espanyol Bimbelona &#8211; Equipe Tricolore 14-2 (6-0)"}]},{"@type":"Person","@id":"https:\/\/www.laffer-bimbela.de\/#\/schema\/person\/682c011f392842d02a3060a1fe20f240","name":"Winter","image":{"@type":"ImageObject","@id":"https:\/\/www.laffer-bimbela.de\/#personlogo","inLanguage":"de","url":"https:\/\/secure.gravatar.com\/avatar\/129d4f58a1d044690c3ec2a6a6e48abc?s=96&d=mm&r=g","contentUrl":"https:\/\/secure.gravatar.com\/avatar\/129d4f58a1d044690c3ec2a6a6e48abc?s=96&d=mm&r=g","caption":"Winter"},"sameAs":["https:\/\/www.laffer-bimbela.de"],"url":"https:\/\/www.laffer-bimbela.de\/index.php\/archives\/author\/winter"}]}},"jetpack_sharing_enabled":true,"jetpack_shortlink":"https:\/\/wp.me\/p7Uyt8-ag","jetpack-related-posts":[],"_links":{"self":[{"href":"https:\/\/www.laffer-bimbela.de\/index.php\/wp-json\/wp\/v2\/posts\/636"}],"collection":[{"href":"https:\/\/www.laffer-bimbela.de\/index.php\/wp-json\/wp\/v2\/posts"}],"about":[{"href":"https:\/\/www.laffer-bimbela.de\/index.php\/wp-json\/wp\/v2\/types\/post"}],"author":[{"embeddable":true,"href":"https:\/\/www.laffer-bimbela.de\/index.php\/wp-json\/wp\/v2\/users\/2"}],"replies":[{"embeddable":true,"href":"https:\/\/www.laffer-bimbela.de\/index.php\/wp-json\/wp\/v2\/comments?post=636"}],"version-history":[{"count":10,"href":"https:\/\/www.laffer-bimbela.de\/index.php\/wp-json\/wp\/v2\/posts\/636\/revisions"}],"predecessor-version":[{"id":644,"href":"https:\/\/www.laffer-bimbela.de\/index.php\/wp-json\/wp\/v2\/posts\/636\/revisions\/644"}],"wp:attachment":[{"href":"https:\/\/www.laffer-bimbela.de\/index.php\/wp-json\/wp\/v2\/media?parent=636"}],"wp:term":[{"taxonomy":"category","embeddable":true,"href":"https:\/\/www.laffer-bimbela.de\/index.php\/wp-json\/wp\/v2\/categories?post=636"},{"taxonomy":"post_tag","embeddable":true,"href":"https:\/\/www.laffer-bimbela.de\/index.php\/wp-json\/wp\/v2\/tags?post=636"}],"curies":[{"name":"wp","href":"https:\/\/api.w.org\/{rel}","templated":true}]}}