{"id":498,"date":"2010-08-02T11:19:47","date_gmt":"2010-08-02T10:19:47","guid":{"rendered":"http:\/\/www.laffer-bimbela.de\/?p=498"},"modified":"2010-08-02T12:46:48","modified_gmt":"2010-08-02T11:46:48","slug":"vfl-weizenbock-blitzturnier-31-7-2010","status":"publish","type":"post","link":"https:\/\/www.laffer-bimbela.de\/index.php\/archives\/turniere\/498-vfl-weizenbock-blitzturnier-31-7-2010.html","title":{"rendered":"VfL Weizenbock Blitzturnier 31.7.2010"},"content":{"rendered":"<p><strong>Oder \u201eRentnertruppe mit kleinem Kind\u201c geht geh\u00f6rig baden.<\/strong><\/p>\n<p>Herrliches Fu\u00dfballwetter, ein Platz in Topzustand und ein geh\u00f6riger Vorrat an mehr oder weniger k\u00fchlem Gerstensaft \u2013 Bolzplatzherz was willst Du mehr. Gut, der ein oder andere Sieg w\u00e4re sch\u00f6n gewesen, aber nachdem wir ziemlich ambitionslos in das Turnier gestartet sind war es auch so ein wundersch\u00f6ner Samstag. Trotz der sehr guten Organisation der B\u00f6cke kamen nicht alle gemeldeten Teams, so dass wir uns in unserer Gruppe nur mit 4 Teams messen durften.<\/p>\n<p>Offensive Spielkr\u00e4fte auf Seite der Bimbela waren an diesem Tage Mangelware, dementsprechend defensiv ausgerichtet gingen wir in das erste Spiel gegen die \u201eguten M\u00e4nner\u201c. Bereits nach kurzer Zeit ging die Taktik auf, <strong>Winter <\/strong>drosch den Ball unkontrolliert nach vorne, <strong>Steinbach <\/strong>nahm den Ball an, d\u00fcpierte zwei Gegenspieler und schob souver\u00e4n zur 1:0 F\u00fchrung ein. Ungl\u00fccklich dann kurz vor Schluss der Ausgleich, nach einer Flanke schlug Ex-St\u00fcrmer <strong>Meu\u00dfel <\/strong>\u00fcber den Ball und der hinter ihm lauernde St\u00fcrmer konnte aus drei Metern problemlos an Keeper <strong>Kempe <\/strong>vorbei einschieben. Aber der erste Punkt war da.<\/p>\n<p>Gegner im zweiten Spiel war die \u201eVereinstruppe\u201c der Doldies. Alle auf Seiten der Bimbela hatten sich bereits vor dem Spiel auf ein Debakel eingestellt, umso \u00fcberraschender die 1:0 F\u00fchrung erneut durch <strong>Steinbach<\/strong>. Nun hatte die \u201eFirma\u201c Blut geleckt und wollte auch gegen den haushohen Favoriten punkten. Die in gr\u00fcner SKL-Tracht spielenden Doldies fuhren nun einen w\u00fctenden Angriff nach dem anderen, aber die Bimbelaverteidiger <strong>Nafets<\/strong>, <strong>Schubi<\/strong>, <strong>W\u00e4lzlein<\/strong>, <strong>Paul<\/strong>, <strong>Meu\u00dfel<\/strong>, <strong>Winter<\/strong>, <strong>Dreschi<\/strong>, <strong>Amende <\/strong>warfen sich mit allen Mitteln dazwischen. Ein Angriff wurde abgefangen, einem weiten Ball nach vorne auf <strong>Steinbach<\/strong>, der dann allerdings die Vorentscheidung mit einem sch\u00f6nen Lupfer knapp verpasste. Durch einen trocknen Schuss kamen die Doldies dann verdient zum Ausgleich. Kurz vor Ende des Spieles nun <strong>Winter <\/strong>mit seinem Aussetzer, nachdem er im eigenen \u201e16er\u201c von einem der agilen Doldiesst\u00fcrmer ausgetanzt wurde wusste er sich nicht mehr anders zu helfen als diesen mit den H\u00e4nden die Beine wegzuziehen \u2013 Elfmeter \u2013 und eine doch etwas ungl\u00fcckliche Niederlage.<\/p>\n<p>Nun war eine l\u00e4ngere Pause angesagt, die ausf\u00fchrlich mit der Zufuhr von Bier genutzt wurde. \u00dcberraschend (<strong>Amende <\/strong>noch auf \u201eHeimaturlaub\u201c) kam dann das Spiel gegen die erste des VfL Weizenbock. Eigentlich war alles klar, vor dem Spiel ging man auf Bimbelaseiten davon aus das mit 5:5 das Ergebnis bereits feststand. Die Bimbela erf\u00fcllten Ihren Teil der Vereinbarung einwandfrei und lie\u00df die B\u00f6cke f\u00fcnfmal \u201eeinlochen\u201c. Allerdings zeigten sich die B\u00f6cke als schlechte Gastgeber und lie\u00dfen Ihrerseits nicht eine Torchance zu. 0:5 war das ern\u00fcchternde Ergebnis, aber nach ein, zwei Seidla sah die Bimbelawelt wieder rosa-rot aus.<\/p>\n<p>So gen\u00fcgte uns im letzten Gruppenspiel bereits ein Unentschieden gegen den FC Fuchsloch um in das Achtelfinale einzuziehen. Allerdings bekamen die meisten \u201eVeilchen-Kicker\u201c nicht mal den Ansto\u00df des Spieles mit und ehe man sich sortieren konnte war der Gegner schon am Strafraum und verwandelte zum 0:1. Direkt nach dem Ansto\u00df fast schon legend\u00e4r der direkte Schuss von <strong>Winter <\/strong>auf das Tor \u2013 Ausgleich nach gerade mal 30 gespielten Sekunden. Das Spiel konnte zumindest noch kurz offen gehalten werden, danach musste die Bimbelafirma Bier und Hitze Tribut zollen und brach komplett auseinander. So hie\u00df es nach 12 gespielten Minuten 1:5 und allen war klar, immerhin geht es fr\u00fch nach Hause.<\/p>\n<p><strong>Fazit: <\/strong>es w\u00e4re sicherlich mehr drin gewesen, aber wir hatten nen lustigen Tag. Allerdings tun Spr\u00fcche wie \u201e<em>wir ham grad so ne Rentnertruppe mit nem kleinen Kind abgeschossen<\/em>\u201c auch n&#8217;bissl weh, auch wenn wir alt und klein sind, wir sind auch nur Menschen mit Gef\u00fchlen und so. Aber immerhin wissen wir dass es nicht auf die Gr\u00f6\u00dfe ankommt!!!<\/p>\n<p><em>Florian Winter<\/em><\/p>\n<p>F\u00fcr die Bimbela spielten und tranken:<br \/>\n&#8211; Peter Kempe (TW)<br \/>\n&#8211; Peter W\u00e4lzlein<br \/>\n&#8211; Martin Amende<br \/>\n&#8211; Tommy Keppler (leider nur die letzten beiden Spiele)<br \/>\n&#8211; Rainer Meu\u00dfel<br \/>\n&#8211; Paul Reichel<br \/>\n&#8211; Martin Steinbach (2 Tore)<br \/>\n&#8211; Markus Drescher<br \/>\n&#8211; Christian Schubert<br \/>\n&#8211; Florian Winter (1 Tor)<br \/>\n&#8211; Nafets Schmidt<\/p>\n<div class=\"sharedaddy sd-sharing-enabled\"><div class=\"robots-nocontent sd-block sd-social sd-social-icon sd-sharing\"><h3 class=\"sd-title\">Teilen \u00fcber:<\/h3><div class=\"sd-content\"><ul><li class=\"share-email\"><a rel=\"nofollow noopener noreferrer\" data-shared=\"\" class=\"share-email sd-button share-icon no-text\" href=\"https:\/\/www.laffer-bimbela.de\/index.php\/archives\/turniere\/498-vfl-weizenbock-blitzturnier-31-7-2010.html?share=email\" target=\"_blank\" title=\"Klick, um dies einem Freund per E-Mail zu senden\"><span><\/span><span class=\"sharing-screen-reader-text\">Klick, um dies einem Freund per E-Mail zu senden (Wird in neuem Fenster ge\u00f6ffnet)<\/span><\/a><\/li><li class=\"share-twitter\"><a rel=\"nofollow noopener noreferrer\" data-shared=\"sharing-twitter-498\" class=\"share-twitter sd-button share-icon no-text\" href=\"https:\/\/www.laffer-bimbela.de\/index.php\/archives\/turniere\/498-vfl-weizenbock-blitzturnier-31-7-2010.html?share=twitter\" target=\"_blank\" title=\"Klick, um \u00fcber Twitter zu teilen\"><span><\/span><span class=\"sharing-screen-reader-text\">Klick, um \u00fcber Twitter zu teilen (Wird in neuem Fenster ge\u00f6ffnet)<\/span><\/a><\/li><li><a href=\"#\" class=\"sharing-anchor sd-button share-more\"><span>Mehr<\/span><\/a><\/li><li class=\"share-end\"><\/li><\/ul><div class=\"sharing-hidden\"><div class=\"inner\" style=\"display: none;width:150px;\"><ul style=\"background-image:none;\"><li class=\"share-facebook\"><a rel=\"nofollow noopener noreferrer\" data-shared=\"sharing-facebook-498\" class=\"share-facebook sd-button share-icon no-text\" href=\"https:\/\/www.laffer-bimbela.de\/index.php\/archives\/turniere\/498-vfl-weizenbock-blitzturnier-31-7-2010.html?share=facebook\" target=\"_blank\" title=\"Klick, um auf Facebook zu teilen\"><span><\/span><span class=\"sharing-screen-reader-text\">Klick, um auf Facebook zu teilen (Wird in neuem Fenster ge\u00f6ffnet)<\/span><\/a><\/li><li class=\"share-end\"><\/li><\/ul><\/div><\/div><\/div><\/div><\/div>","protected":false},"excerpt":{"rendered":"<p>Oder \u201eRentnertruppe mit kleinem Kind\u201c geht geh\u00f6rig baden. Herrliches Fu\u00dfballwetter, ein Platz in Topzustand und ein geh\u00f6riger Vorrat an mehr oder weniger k\u00fchlem Gerstensaft \u2013 Bolzplatzherz was willst Du mehr. Gut, der ein oder andere Sieg w\u00e4re sch\u00f6n gewesen, aber nachdem wir ziemlich ambitionslos in das Turnier gestartet sind war es auch so ein wundersch\u00f6ner [&hellip;]<\/p>\n<div class=\"sharedaddy sd-sharing-enabled\"><div class=\"robots-nocontent sd-block sd-social sd-social-icon sd-sharing\"><h3 class=\"sd-title\">Teilen \u00fcber:<\/h3><div class=\"sd-content\"><ul><li class=\"share-email\"><a rel=\"nofollow noopener noreferrer\" data-shared=\"\" class=\"share-email sd-button share-icon no-text\" href=\"https:\/\/www.laffer-bimbela.de\/index.php\/archives\/turniere\/498-vfl-weizenbock-blitzturnier-31-7-2010.html?share=email\" target=\"_blank\" title=\"Klick, um dies einem Freund per E-Mail zu senden\"><span><\/span><span class=\"sharing-screen-reader-text\">Klick, um dies einem Freund per E-Mail zu senden (Wird in neuem Fenster ge\u00f6ffnet)<\/span><\/a><\/li><li class=\"share-twitter\"><a rel=\"nofollow noopener noreferrer\" data-shared=\"sharing-twitter-498\" class=\"share-twitter sd-button share-icon no-text\" href=\"https:\/\/www.laffer-bimbela.de\/index.php\/archives\/turniere\/498-vfl-weizenbock-blitzturnier-31-7-2010.html?share=twitter\" target=\"_blank\" title=\"Klick, um \u00fcber Twitter zu teilen\"><span><\/span><span class=\"sharing-screen-reader-text\">Klick, um \u00fcber Twitter zu teilen (Wird in neuem Fenster ge\u00f6ffnet)<\/span><\/a><\/li><li><a href=\"#\" class=\"sharing-anchor sd-button share-more\"><span>Mehr<\/span><\/a><\/li><li class=\"share-end\"><\/li><\/ul><div class=\"sharing-hidden\"><div class=\"inner\" style=\"display: none;width:150px;\"><ul style=\"background-image:none;\"><li class=\"share-facebook\"><a rel=\"nofollow noopener noreferrer\" data-shared=\"sharing-facebook-498\" class=\"share-facebook sd-button share-icon no-text\" href=\"https:\/\/www.laffer-bimbela.de\/index.php\/archives\/turniere\/498-vfl-weizenbock-blitzturnier-31-7-2010.html?share=facebook\" target=\"_blank\" title=\"Klick, um auf Facebook zu teilen\"><span><\/span><span class=\"sharing-screen-reader-text\">Klick, um auf Facebook zu teilen (Wird in neuem Fenster ge\u00f6ffnet)<\/span><\/a><\/li><li class=\"share-end\"><\/li><\/ul><\/div><\/div><\/div><\/div><\/div>","protected":false},"author":2,"featured_media":0,"comment_status":"open","ping_status":"open","sticky":false,"template":"","format":"standard","meta":{"spay_email":"","jetpack_publicize_message":""},"categories":[59],"tags":[68,67,66,29],"jetpack_featured_media_url":"","jetpack_publicize_connections":[],"yoast_head":"<!-- This site is optimized with the Yoast SEO plugin v18.2 - https:\/\/yoast.com\/wordpress\/plugins\/seo\/ -->\n<meta name=\"robots\" content=\"index, follow, max-snippet:-1, max-image-preview:large, max-video-preview:-1\" \/>\n<link rel=\"canonical\" href=\"https:\/\/www.laffer-bimbela.de\/index.php\/archives\/turniere\/498-vfl-weizenbock-blitzturnier-31-7-2010.html\" \/>\n<meta property=\"og:locale\" content=\"de_DE\" \/>\n<meta property=\"og:type\" content=\"article\" \/>\n<meta property=\"og:title\" content=\"VfL Weizenbock Blitzturnier 31.7.2010 - Die Laffer Bimbela\" \/>\n<meta property=\"og:description\" content=\"Oder \u201eRentnertruppe mit kleinem Kind\u201c geht geh\u00f6rig baden. Herrliches Fu\u00dfballwetter, ein Platz in Topzustand und ein geh\u00f6riger Vorrat an mehr oder weniger k\u00fchlem Gerstensaft \u2013 Bolzplatzherz was willst Du mehr. Gut, der ein oder andere Sieg w\u00e4re sch\u00f6n gewesen, aber nachdem wir ziemlich ambitionslos in das Turnier gestartet sind war es auch so ein wundersch\u00f6ner [&hellip;]\" \/>\n<meta property=\"og:url\" content=\"https:\/\/www.laffer-bimbela.de\/index.php\/archives\/turniere\/498-vfl-weizenbock-blitzturnier-31-7-2010.html\" \/>\n<meta property=\"og:site_name\" content=\"Die Laffer Bimbela\" \/>\n<meta property=\"article:published_time\" content=\"2010-08-02T10:19:47+00:00\" \/>\n<meta property=\"article:modified_time\" content=\"2010-08-02T11:46:48+00:00\" \/>\n<meta name=\"twitter:card\" content=\"summary_large_image\" \/>\n<meta name=\"twitter:label1\" content=\"Verfasst von\" \/>\n\t<meta name=\"twitter:data1\" content=\"Winter\" \/>\n\t<meta name=\"twitter:label2\" content=\"Gesch\u00e4tzte Lesezeit\" \/>\n\t<meta name=\"twitter:data2\" content=\"3\u00a0Minuten\" \/>\n<script type=\"application\/ld+json\" class=\"yoast-schema-graph\">{\"@context\":\"https:\/\/schema.org\",\"@graph\":[{\"@type\":\"WebSite\",\"@id\":\"https:\/\/www.laffer-bimbela.de\/#website\",\"url\":\"https:\/\/www.laffer-bimbela.de\/\",\"name\":\"Die Laffer Bimbela\",\"description\":\"1.FC N\u00fcrnberg Fanclub aus Lauf a.d. Pegnitz\",\"potentialAction\":[{\"@type\":\"SearchAction\",\"target\":{\"@type\":\"EntryPoint\",\"urlTemplate\":\"https:\/\/www.laffer-bimbela.de\/?s={search_term_string}\"},\"query-input\":\"required name=search_term_string\"}],\"inLanguage\":\"de\"},{\"@type\":\"WebPage\",\"@id\":\"https:\/\/www.laffer-bimbela.de\/index.php\/archives\/turniere\/498-vfl-weizenbock-blitzturnier-31-7-2010.html#webpage\",\"url\":\"https:\/\/www.laffer-bimbela.de\/index.php\/archives\/turniere\/498-vfl-weizenbock-blitzturnier-31-7-2010.html\",\"name\":\"VfL Weizenbock Blitzturnier 31.7.2010 - Die Laffer Bimbela\",\"isPartOf\":{\"@id\":\"https:\/\/www.laffer-bimbela.de\/#website\"},\"datePublished\":\"2010-08-02T10:19:47+00:00\",\"dateModified\":\"2010-08-02T11:46:48+00:00\",\"author\":{\"@id\":\"https:\/\/www.laffer-bimbela.de\/#\/schema\/person\/682c011f392842d02a3060a1fe20f240\"},\"breadcrumb\":{\"@id\":\"https:\/\/www.laffer-bimbela.de\/index.php\/archives\/turniere\/498-vfl-weizenbock-blitzturnier-31-7-2010.html#breadcrumb\"},\"inLanguage\":\"de\",\"potentialAction\":[{\"@type\":\"ReadAction\",\"target\":[\"https:\/\/www.laffer-bimbela.de\/index.php\/archives\/turniere\/498-vfl-weizenbock-blitzturnier-31-7-2010.html\"]}]},{\"@type\":\"BreadcrumbList\",\"@id\":\"https:\/\/www.laffer-bimbela.de\/index.php\/archives\/turniere\/498-vfl-weizenbock-blitzturnier-31-7-2010.html#breadcrumb\",\"itemListElement\":[{\"@type\":\"ListItem\",\"position\":1,\"name\":\"Startseite\",\"item\":\"https:\/\/www.laffer-bimbela.de\/\"},{\"@type\":\"ListItem\",\"position\":2,\"name\":\"VfL Weizenbock Blitzturnier 31.7.2010\"}]},{\"@type\":\"Person\",\"@id\":\"https:\/\/www.laffer-bimbela.de\/#\/schema\/person\/682c011f392842d02a3060a1fe20f240\",\"name\":\"Winter\",\"image\":{\"@type\":\"ImageObject\",\"@id\":\"https:\/\/www.laffer-bimbela.de\/#personlogo\",\"inLanguage\":\"de\",\"url\":\"https:\/\/secure.gravatar.com\/avatar\/129d4f58a1d044690c3ec2a6a6e48abc?s=96&d=mm&r=g\",\"contentUrl\":\"https:\/\/secure.gravatar.com\/avatar\/129d4f58a1d044690c3ec2a6a6e48abc?s=96&d=mm&r=g\",\"caption\":\"Winter\"},\"sameAs\":[\"https:\/\/www.laffer-bimbela.de\"],\"url\":\"https:\/\/www.laffer-bimbela.de\/index.php\/archives\/author\/winter\"}]}<\/script>\n<!-- \/ Yoast SEO plugin. -->","yoast_head_json":{"robots":{"index":"index","follow":"follow","max-snippet":"max-snippet:-1","max-image-preview":"max-image-preview:large","max-video-preview":"max-video-preview:-1"},"canonical":"https:\/\/www.laffer-bimbela.de\/index.php\/archives\/turniere\/498-vfl-weizenbock-blitzturnier-31-7-2010.html","og_locale":"de_DE","og_type":"article","og_title":"VfL Weizenbock Blitzturnier 31.7.2010 - Die Laffer Bimbela","og_description":"Oder \u201eRentnertruppe mit kleinem Kind\u201c geht geh\u00f6rig baden. Herrliches Fu\u00dfballwetter, ein Platz in Topzustand und ein geh\u00f6riger Vorrat an mehr oder weniger k\u00fchlem Gerstensaft \u2013 Bolzplatzherz was willst Du mehr. Gut, der ein oder andere Sieg w\u00e4re sch\u00f6n gewesen, aber nachdem wir ziemlich ambitionslos in das Turnier gestartet sind war es auch so ein wundersch\u00f6ner [&hellip;]","og_url":"https:\/\/www.laffer-bimbela.de\/index.php\/archives\/turniere\/498-vfl-weizenbock-blitzturnier-31-7-2010.html","og_site_name":"Die Laffer Bimbela","article_published_time":"2010-08-02T10:19:47+00:00","article_modified_time":"2010-08-02T11:46:48+00:00","twitter_card":"summary_large_image","twitter_misc":{"Verfasst von":"Winter","Gesch\u00e4tzte Lesezeit":"3\u00a0Minuten"},"schema":{"@context":"https:\/\/schema.org","@graph":[{"@type":"WebSite","@id":"https:\/\/www.laffer-bimbela.de\/#website","url":"https:\/\/www.laffer-bimbela.de\/","name":"Die Laffer Bimbela","description":"1.FC N\u00fcrnberg Fanclub aus Lauf a.d. Pegnitz","potentialAction":[{"@type":"SearchAction","target":{"@type":"EntryPoint","urlTemplate":"https:\/\/www.laffer-bimbela.de\/?s={search_term_string}"},"query-input":"required name=search_term_string"}],"inLanguage":"de"},{"@type":"WebPage","@id":"https:\/\/www.laffer-bimbela.de\/index.php\/archives\/turniere\/498-vfl-weizenbock-blitzturnier-31-7-2010.html#webpage","url":"https:\/\/www.laffer-bimbela.de\/index.php\/archives\/turniere\/498-vfl-weizenbock-blitzturnier-31-7-2010.html","name":"VfL Weizenbock Blitzturnier 31.7.2010 - Die Laffer Bimbela","isPartOf":{"@id":"https:\/\/www.laffer-bimbela.de\/#website"},"datePublished":"2010-08-02T10:19:47+00:00","dateModified":"2010-08-02T11:46:48+00:00","author":{"@id":"https:\/\/www.laffer-bimbela.de\/#\/schema\/person\/682c011f392842d02a3060a1fe20f240"},"breadcrumb":{"@id":"https:\/\/www.laffer-bimbela.de\/index.php\/archives\/turniere\/498-vfl-weizenbock-blitzturnier-31-7-2010.html#breadcrumb"},"inLanguage":"de","potentialAction":[{"@type":"ReadAction","target":["https:\/\/www.laffer-bimbela.de\/index.php\/archives\/turniere\/498-vfl-weizenbock-blitzturnier-31-7-2010.html"]}]},{"@type":"BreadcrumbList","@id":"https:\/\/www.laffer-bimbela.de\/index.php\/archives\/turniere\/498-vfl-weizenbock-blitzturnier-31-7-2010.html#breadcrumb","itemListElement":[{"@type":"ListItem","position":1,"name":"Startseite","item":"https:\/\/www.laffer-bimbela.de\/"},{"@type":"ListItem","position":2,"name":"VfL Weizenbock Blitzturnier 31.7.2010"}]},{"@type":"Person","@id":"https:\/\/www.laffer-bimbela.de\/#\/schema\/person\/682c011f392842d02a3060a1fe20f240","name":"Winter","image":{"@type":"ImageObject","@id":"https:\/\/www.laffer-bimbela.de\/#personlogo","inLanguage":"de","url":"https:\/\/secure.gravatar.com\/avatar\/129d4f58a1d044690c3ec2a6a6e48abc?s=96&d=mm&r=g","contentUrl":"https:\/\/secure.gravatar.com\/avatar\/129d4f58a1d044690c3ec2a6a6e48abc?s=96&d=mm&r=g","caption":"Winter"},"sameAs":["https:\/\/www.laffer-bimbela.de"],"url":"https:\/\/www.laffer-bimbela.de\/index.php\/archives\/author\/winter"}]}},"jetpack_sharing_enabled":true,"jetpack_shortlink":"https:\/\/wp.me\/p7Uyt8-82","jetpack-related-posts":[],"_links":{"self":[{"href":"https:\/\/www.laffer-bimbela.de\/index.php\/wp-json\/wp\/v2\/posts\/498"}],"collection":[{"href":"https:\/\/www.laffer-bimbela.de\/index.php\/wp-json\/wp\/v2\/posts"}],"about":[{"href":"https:\/\/www.laffer-bimbela.de\/index.php\/wp-json\/wp\/v2\/types\/post"}],"author":[{"embeddable":true,"href":"https:\/\/www.laffer-bimbela.de\/index.php\/wp-json\/wp\/v2\/users\/2"}],"replies":[{"embeddable":true,"href":"https:\/\/www.laffer-bimbela.de\/index.php\/wp-json\/wp\/v2\/comments?post=498"}],"version-history":[{"count":4,"href":"https:\/\/www.laffer-bimbela.de\/index.php\/wp-json\/wp\/v2\/posts\/498\/revisions"}],"predecessor-version":[{"id":501,"href":"https:\/\/www.laffer-bimbela.de\/index.php\/wp-json\/wp\/v2\/posts\/498\/revisions\/501"}],"wp:attachment":[{"href":"https:\/\/www.laffer-bimbela.de\/index.php\/wp-json\/wp\/v2\/media?parent=498"}],"wp:term":[{"taxonomy":"category","embeddable":true,"href":"https:\/\/www.laffer-bimbela.de\/index.php\/wp-json\/wp\/v2\/categories?post=498"},{"taxonomy":"post_tag","embeddable":true,"href":"https:\/\/www.laffer-bimbela.de\/index.php\/wp-json\/wp\/v2\/tags?post=498"}],"curies":[{"name":"wp","href":"https:\/\/api.w.org\/{rel}","templated":true}]}}