{"id":404,"date":"2010-05-21T16:36:23","date_gmt":"2010-05-21T15:36:23","guid":{"rendered":"http:\/\/www.laffer-bimbela.de\/?p=404"},"modified":"2010-06-02T12:34:04","modified_gmt":"2010-06-02T11:34:04","slug":"laffer-bimbela-jubliaumsturnier-12-06-2010-update","status":"publish","type":"post","link":"https:\/\/www.laffer-bimbela.de\/index.php\/archives\/allgemein\/404-laffer-bimbela-jubliaumsturnier-12-06-2010-update.html","title":{"rendered":"Laffer Bimbela Jubli\u00e4umsturnier 12.06.2010 &#8211; *update*"},"content":{"rendered":"<p>Startfeld komplett; insgesamt werden sich <strong>elf Teams<\/strong> miteinander messen. Die weiteste Anreise nehmen dabei die <strong>Cojones<\/strong> aus Regensburg sowie <strong>Oenning\u00b4s Erben<\/strong> aus W\u00fcrzburg auf sich. Ein Heimspiel in Eschenau wird das ganze da schon eher f\u00fcr die Jungs von <strong>Celtic Erlangen<\/strong>, die neben <strong>FF Heide<\/strong> und der <strong>SpVgg L\u00fcckenb\u00fc\u00dfer<\/strong> die Mannschaften vervollst\u00e4ndigen deren aktuelle Spielst\u00e4rke uns nicht aus der Laufer Hobbyliga bekannt ist.<\/p>\n<p>Mit dem <strong>VfL Weizenbock<\/strong>, den <strong>Wurstkuchen Kickers<\/strong>, den <strong>Laffer Hotspurs<\/strong> sowie den <strong>Kickers N\u00fcrnberg<\/strong> sind Teams aus allen Divisionen der<strong> besten Hobbyliga aller Zeiten<\/strong> vertreten. Vervollst\u00e4ndigt wird das Teilnahmefeld selbstverfreilich mit den beiden Teams der Bimbelafirma &#8211; <strong>Espanyol Bimbelona<\/strong> &amp; <strong>Laffer Bimbela<\/strong>. Einziger pers\u00f6nlicher Wermutstropfen (keine Ahnung wie man das schreibt&#8230;) f\u00fcr mich ist das FF Walter leider keine Mannschaft stellen kann, aber ich hoffe auf n\u00e4chstes Jahr, Ihr Pfeifen!!!<\/p>\n<p>Beginn des Spektakels wird um <strong>9 Uhr<\/strong> sein, alle Teams spielen gegeneinander und wer nach 1<strong>0 Spielen a 20 Minuten<\/strong> dann in der Tabelle ganz oben steht darf sich den gr\u00f6\u00dften der <strong>drei Pokale<\/strong> mit nach Hause nehmen.<\/p>\n<p>Nachdem wir auch dieses Jahr auf Grund der Tatsache das es sich um ein <strong>Spa\u00dfturnier<\/strong> handelt auf Schiedrichter verzichten werden haben wir beschlossen dem <strong>fairsten Team<\/strong> (entscheidet die Turnierleitung, und nicht wieder ich :-)) wieder einen <strong>Kasten gutes fr\u00e4nggisches Bier<\/strong> zu spendieren. \u00dcber den gleichen Preis darf sich der <strong>beste Torsch\u00fctze<\/strong> des Turniers freuen. Ich will etz eigentlich auch nicht weiter auf Franken herumreiten, aber wo sonst bekommt der <strong>letzte Gewinner<\/strong> einen Ring <strong>Stadtwurscht<\/strong> ??<\/p>\n<p>Den detailierten Spiel- und Regelplan werden die Teamleiter Anfang n\u00e4chster Woche in Ihrem E-Mail Postfach finden, und falls ich irgendwann mal Zeit daf\u00fcr habe auch hier&#8230;..gilt \u00fcbrigens auch f\u00fcr das &#8220;drum herum&#8221;&#8230;<\/p>\n<p>F\u00fcr G\u00e4ste die nicht mehr nach Hause fahren k\u00f6nnen oder wollen stehen wie schon angek\u00fcndigt Pl\u00e4tze zum <strong>Zelten<\/strong> zur Verf\u00fcgung.<\/p>\n<p>Wir freuen uns schon auf sch\u00f6nen Fu\u00dfball und auf das ein oder andere Getr\u00e4nk mit unseren G\u00e4sten. Und wo ich gerade so zum Fenster rausschau nat\u00fcrlich wollen wir auch richtig gutes<strong> Fu\u00dfballwetter<\/strong>!!!<\/p>\n<p>Bis die Tage&#8230;<\/p>\n<p><script type=\"text\/javascript\" src=\"http:\/\/www1.belboon.de\/tracking\/000122863.js\"> <\/script> <noscript> <iframe src=\"http:\/\/www1.belboon.de\/tracking\/000122863.html\" width=\"468\" height=\"60\" frameborder=\"0\" scrolling=\"no\"> <a href=\"http:\/\/www1.belboon.de\/tracking\/000122863\/0.html\" target=\"_blank\"> <img loading=\"lazy\" src=\"http:\/\/www1.belboon.de\/tracking\/000122863.img\" border=0 width=\"468\" height=\"60\" alt=\"\" \/> <\/a> <\/iframe> <\/noscript><\/p>\n<div class=\"sharedaddy sd-sharing-enabled\"><div class=\"robots-nocontent sd-block sd-social sd-social-icon sd-sharing\"><h3 class=\"sd-title\">Teilen \u00fcber:<\/h3><div class=\"sd-content\"><ul><li class=\"share-email\"><a rel=\"nofollow noopener noreferrer\" data-shared=\"\" class=\"share-email sd-button share-icon no-text\" href=\"https:\/\/www.laffer-bimbela.de\/index.php\/archives\/allgemein\/404-laffer-bimbela-jubliaumsturnier-12-06-2010-update.html?share=email\" target=\"_blank\" title=\"Klick, um dies einem Freund per E-Mail zu senden\"><span><\/span><span class=\"sharing-screen-reader-text\">Klick, um dies einem Freund per E-Mail zu senden (Wird in neuem Fenster ge\u00f6ffnet)<\/span><\/a><\/li><li class=\"share-twitter\"><a rel=\"nofollow noopener noreferrer\" data-shared=\"sharing-twitter-404\" class=\"share-twitter sd-button share-icon no-text\" href=\"https:\/\/www.laffer-bimbela.de\/index.php\/archives\/allgemein\/404-laffer-bimbela-jubliaumsturnier-12-06-2010-update.html?share=twitter\" target=\"_blank\" title=\"Klick, um \u00fcber Twitter zu teilen\"><span><\/span><span class=\"sharing-screen-reader-text\">Klick, um \u00fcber Twitter zu teilen (Wird in neuem Fenster ge\u00f6ffnet)<\/span><\/a><\/li><li><a href=\"#\" class=\"sharing-anchor sd-button share-more\"><span>Mehr<\/span><\/a><\/li><li class=\"share-end\"><\/li><\/ul><div class=\"sharing-hidden\"><div class=\"inner\" style=\"display: none;width:150px;\"><ul style=\"background-image:none;\"><li class=\"share-facebook\"><a rel=\"nofollow noopener noreferrer\" data-shared=\"sharing-facebook-404\" class=\"share-facebook sd-button share-icon no-text\" href=\"https:\/\/www.laffer-bimbela.de\/index.php\/archives\/allgemein\/404-laffer-bimbela-jubliaumsturnier-12-06-2010-update.html?share=facebook\" target=\"_blank\" title=\"Klick, um auf Facebook zu teilen\"><span><\/span><span class=\"sharing-screen-reader-text\">Klick, um auf Facebook zu teilen (Wird in neuem Fenster ge\u00f6ffnet)<\/span><\/a><\/li><li class=\"share-end\"><\/li><\/ul><\/div><\/div><\/div><\/div><\/div>","protected":false},"excerpt":{"rendered":"<p>Startfeld komplett; insgesamt werden sich elf Teams miteinander messen. Die weiteste Anreise nehmen dabei die Cojones aus Regensburg sowie Oenning\u00b4s Erben aus W\u00fcrzburg auf sich. Ein Heimspiel in Eschenau wird das ganze da schon eher f\u00fcr die Jungs von Celtic Erlangen, die neben FF Heide und der SpVgg L\u00fcckenb\u00fc\u00dfer die Mannschaften vervollst\u00e4ndigen deren aktuelle Spielst\u00e4rke [&hellip;]<\/p>\n<div class=\"sharedaddy sd-sharing-enabled\"><div class=\"robots-nocontent sd-block sd-social sd-social-icon sd-sharing\"><h3 class=\"sd-title\">Teilen \u00fcber:<\/h3><div class=\"sd-content\"><ul><li class=\"share-email\"><a rel=\"nofollow noopener noreferrer\" data-shared=\"\" class=\"share-email sd-button share-icon no-text\" href=\"https:\/\/www.laffer-bimbela.de\/index.php\/archives\/allgemein\/404-laffer-bimbela-jubliaumsturnier-12-06-2010-update.html?share=email\" target=\"_blank\" title=\"Klick, um dies einem Freund per E-Mail zu senden\"><span><\/span><span class=\"sharing-screen-reader-text\">Klick, um dies einem Freund per E-Mail zu senden (Wird in neuem Fenster ge\u00f6ffnet)<\/span><\/a><\/li><li class=\"share-twitter\"><a rel=\"nofollow noopener noreferrer\" data-shared=\"sharing-twitter-404\" class=\"share-twitter sd-button share-icon no-text\" href=\"https:\/\/www.laffer-bimbela.de\/index.php\/archives\/allgemein\/404-laffer-bimbela-jubliaumsturnier-12-06-2010-update.html?share=twitter\" target=\"_blank\" title=\"Klick, um \u00fcber Twitter zu teilen\"><span><\/span><span class=\"sharing-screen-reader-text\">Klick, um \u00fcber Twitter zu teilen (Wird in neuem Fenster ge\u00f6ffnet)<\/span><\/a><\/li><li><a href=\"#\" class=\"sharing-anchor sd-button share-more\"><span>Mehr<\/span><\/a><\/li><li class=\"share-end\"><\/li><\/ul><div class=\"sharing-hidden\"><div class=\"inner\" style=\"display: none;width:150px;\"><ul style=\"background-image:none;\"><li class=\"share-facebook\"><a rel=\"nofollow noopener noreferrer\" data-shared=\"sharing-facebook-404\" class=\"share-facebook sd-button share-icon no-text\" href=\"https:\/\/www.laffer-bimbela.de\/index.php\/archives\/allgemein\/404-laffer-bimbela-jubliaumsturnier-12-06-2010-update.html?share=facebook\" target=\"_blank\" title=\"Klick, um auf Facebook zu teilen\"><span><\/span><span class=\"sharing-screen-reader-text\">Klick, um auf Facebook zu teilen (Wird in neuem Fenster ge\u00f6ffnet)<\/span><\/a><\/li><li class=\"share-end\"><\/li><\/ul><\/div><\/div><\/div><\/div><\/div>","protected":false},"author":2,"featured_media":0,"comment_status":"open","ping_status":"open","sticky":false,"template":"","format":"standard","meta":{"spay_email":"","jetpack_publicize_message":""},"categories":[1,147],"tags":[21,22,51,153],"jetpack_featured_media_url":"","jetpack_publicize_connections":[],"yoast_head":"<!-- This site is optimized with the Yoast SEO plugin v18.2 - https:\/\/yoast.com\/wordpress\/plugins\/seo\/ -->\n<meta name=\"robots\" content=\"index, follow, max-snippet:-1, max-image-preview:large, max-video-preview:-1\" \/>\n<link rel=\"canonical\" href=\"https:\/\/www.laffer-bimbela.de\/index.php\/archives\/allgemein\/404-laffer-bimbela-jubliaumsturnier-12-06-2010-update.html\" \/>\n<meta property=\"og:locale\" content=\"de_DE\" \/>\n<meta property=\"og:type\" content=\"article\" \/>\n<meta property=\"og:title\" content=\"Laffer Bimbela Jubli\u00e4umsturnier 12.06.2010 - *update* - Die Laffer Bimbela\" \/>\n<meta property=\"og:description\" content=\"Startfeld komplett; insgesamt werden sich elf Teams miteinander messen. Die weiteste Anreise nehmen dabei die Cojones aus Regensburg sowie Oenning\u00b4s Erben aus W\u00fcrzburg auf sich. Ein Heimspiel in Eschenau wird das ganze da schon eher f\u00fcr die Jungs von Celtic Erlangen, die neben FF Heide und der SpVgg L\u00fcckenb\u00fc\u00dfer die Mannschaften vervollst\u00e4ndigen deren aktuelle Spielst\u00e4rke [&hellip;]\" \/>\n<meta property=\"og:url\" content=\"https:\/\/www.laffer-bimbela.de\/index.php\/archives\/allgemein\/404-laffer-bimbela-jubliaumsturnier-12-06-2010-update.html\" \/>\n<meta property=\"og:site_name\" content=\"Die Laffer Bimbela\" \/>\n<meta property=\"article:published_time\" content=\"2010-05-21T15:36:23+00:00\" \/>\n<meta property=\"article:modified_time\" content=\"2010-06-02T11:34:04+00:00\" \/>\n<meta property=\"og:image\" content=\"http:\/\/www1.belboon.de\/tracking\/000122863.img\" \/>\n<meta name=\"twitter:card\" content=\"summary_large_image\" \/>\n<meta name=\"twitter:label1\" content=\"Verfasst von\" \/>\n\t<meta name=\"twitter:data1\" content=\"Winter\" \/>\n\t<meta name=\"twitter:label2\" content=\"Gesch\u00e4tzte Lesezeit\" \/>\n\t<meta name=\"twitter:data2\" content=\"2\u00a0Minuten\" \/>\n<script type=\"application\/ld+json\" class=\"yoast-schema-graph\">{\"@context\":\"https:\/\/schema.org\",\"@graph\":[{\"@type\":\"WebSite\",\"@id\":\"https:\/\/www.laffer-bimbela.de\/#website\",\"url\":\"https:\/\/www.laffer-bimbela.de\/\",\"name\":\"Die Laffer Bimbela\",\"description\":\"1.FC N\u00fcrnberg Fanclub aus Lauf a.d. Pegnitz\",\"potentialAction\":[{\"@type\":\"SearchAction\",\"target\":{\"@type\":\"EntryPoint\",\"urlTemplate\":\"https:\/\/www.laffer-bimbela.de\/?s={search_term_string}\"},\"query-input\":\"required name=search_term_string\"}],\"inLanguage\":\"de\"},{\"@type\":\"ImageObject\",\"@id\":\"https:\/\/www.laffer-bimbela.de\/index.php\/archives\/allgemein\/404-laffer-bimbela-jubliaumsturnier-12-06-2010-update.html#primaryimage\",\"inLanguage\":\"de\",\"url\":\"http:\/\/www1.belboon.de\/tracking\/000122863.img\",\"contentUrl\":\"http:\/\/www1.belboon.de\/tracking\/000122863.img\"},{\"@type\":\"WebPage\",\"@id\":\"https:\/\/www.laffer-bimbela.de\/index.php\/archives\/allgemein\/404-laffer-bimbela-jubliaumsturnier-12-06-2010-update.html#webpage\",\"url\":\"https:\/\/www.laffer-bimbela.de\/index.php\/archives\/allgemein\/404-laffer-bimbela-jubliaumsturnier-12-06-2010-update.html\",\"name\":\"Laffer Bimbela Jubli\u00e4umsturnier 12.06.2010 - *update* - Die Laffer Bimbela\",\"isPartOf\":{\"@id\":\"https:\/\/www.laffer-bimbela.de\/#website\"},\"primaryImageOfPage\":{\"@id\":\"https:\/\/www.laffer-bimbela.de\/index.php\/archives\/allgemein\/404-laffer-bimbela-jubliaumsturnier-12-06-2010-update.html#primaryimage\"},\"datePublished\":\"2010-05-21T15:36:23+00:00\",\"dateModified\":\"2010-06-02T11:34:04+00:00\",\"author\":{\"@id\":\"https:\/\/www.laffer-bimbela.de\/#\/schema\/person\/682c011f392842d02a3060a1fe20f240\"},\"breadcrumb\":{\"@id\":\"https:\/\/www.laffer-bimbela.de\/index.php\/archives\/allgemein\/404-laffer-bimbela-jubliaumsturnier-12-06-2010-update.html#breadcrumb\"},\"inLanguage\":\"de\",\"potentialAction\":[{\"@type\":\"ReadAction\",\"target\":[\"https:\/\/www.laffer-bimbela.de\/index.php\/archives\/allgemein\/404-laffer-bimbela-jubliaumsturnier-12-06-2010-update.html\"]}]},{\"@type\":\"BreadcrumbList\",\"@id\":\"https:\/\/www.laffer-bimbela.de\/index.php\/archives\/allgemein\/404-laffer-bimbela-jubliaumsturnier-12-06-2010-update.html#breadcrumb\",\"itemListElement\":[{\"@type\":\"ListItem\",\"position\":1,\"name\":\"Startseite\",\"item\":\"https:\/\/www.laffer-bimbela.de\/\"},{\"@type\":\"ListItem\",\"position\":2,\"name\":\"Laffer Bimbela Jubli\u00e4umsturnier 12.06.2010 &#8211; *update*\"}]},{\"@type\":\"Person\",\"@id\":\"https:\/\/www.laffer-bimbela.de\/#\/schema\/person\/682c011f392842d02a3060a1fe20f240\",\"name\":\"Winter\",\"image\":{\"@type\":\"ImageObject\",\"@id\":\"https:\/\/www.laffer-bimbela.de\/#personlogo\",\"inLanguage\":\"de\",\"url\":\"https:\/\/secure.gravatar.com\/avatar\/129d4f58a1d044690c3ec2a6a6e48abc?s=96&d=mm&r=g\",\"contentUrl\":\"https:\/\/secure.gravatar.com\/avatar\/129d4f58a1d044690c3ec2a6a6e48abc?s=96&d=mm&r=g\",\"caption\":\"Winter\"},\"sameAs\":[\"https:\/\/www.laffer-bimbela.de\"],\"url\":\"https:\/\/www.laffer-bimbela.de\/index.php\/archives\/author\/winter\"}]}<\/script>\n<!-- \/ Yoast SEO plugin. -->","yoast_head_json":{"robots":{"index":"index","follow":"follow","max-snippet":"max-snippet:-1","max-image-preview":"max-image-preview:large","max-video-preview":"max-video-preview:-1"},"canonical":"https:\/\/www.laffer-bimbela.de\/index.php\/archives\/allgemein\/404-laffer-bimbela-jubliaumsturnier-12-06-2010-update.html","og_locale":"de_DE","og_type":"article","og_title":"Laffer Bimbela Jubli\u00e4umsturnier 12.06.2010 - *update* - Die Laffer Bimbela","og_description":"Startfeld komplett; insgesamt werden sich elf Teams miteinander messen. Die weiteste Anreise nehmen dabei die Cojones aus Regensburg sowie Oenning\u00b4s Erben aus W\u00fcrzburg auf sich. Ein Heimspiel in Eschenau wird das ganze da schon eher f\u00fcr die Jungs von Celtic Erlangen, die neben FF Heide und der SpVgg L\u00fcckenb\u00fc\u00dfer die Mannschaften vervollst\u00e4ndigen deren aktuelle Spielst\u00e4rke [&hellip;]","og_url":"https:\/\/www.laffer-bimbela.de\/index.php\/archives\/allgemein\/404-laffer-bimbela-jubliaumsturnier-12-06-2010-update.html","og_site_name":"Die Laffer Bimbela","article_published_time":"2010-05-21T15:36:23+00:00","article_modified_time":"2010-06-02T11:34:04+00:00","og_image":[{"url":"http:\/\/www1.belboon.de\/tracking\/000122863.img"}],"twitter_card":"summary_large_image","twitter_misc":{"Verfasst von":"Winter","Gesch\u00e4tzte Lesezeit":"2\u00a0Minuten"},"schema":{"@context":"https:\/\/schema.org","@graph":[{"@type":"WebSite","@id":"https:\/\/www.laffer-bimbela.de\/#website","url":"https:\/\/www.laffer-bimbela.de\/","name":"Die Laffer Bimbela","description":"1.FC N\u00fcrnberg Fanclub aus Lauf a.d. Pegnitz","potentialAction":[{"@type":"SearchAction","target":{"@type":"EntryPoint","urlTemplate":"https:\/\/www.laffer-bimbela.de\/?s={search_term_string}"},"query-input":"required name=search_term_string"}],"inLanguage":"de"},{"@type":"ImageObject","@id":"https:\/\/www.laffer-bimbela.de\/index.php\/archives\/allgemein\/404-laffer-bimbela-jubliaumsturnier-12-06-2010-update.html#primaryimage","inLanguage":"de","url":"http:\/\/www1.belboon.de\/tracking\/000122863.img","contentUrl":"http:\/\/www1.belboon.de\/tracking\/000122863.img"},{"@type":"WebPage","@id":"https:\/\/www.laffer-bimbela.de\/index.php\/archives\/allgemein\/404-laffer-bimbela-jubliaumsturnier-12-06-2010-update.html#webpage","url":"https:\/\/www.laffer-bimbela.de\/index.php\/archives\/allgemein\/404-laffer-bimbela-jubliaumsturnier-12-06-2010-update.html","name":"Laffer Bimbela Jubli\u00e4umsturnier 12.06.2010 - *update* - Die Laffer Bimbela","isPartOf":{"@id":"https:\/\/www.laffer-bimbela.de\/#website"},"primaryImageOfPage":{"@id":"https:\/\/www.laffer-bimbela.de\/index.php\/archives\/allgemein\/404-laffer-bimbela-jubliaumsturnier-12-06-2010-update.html#primaryimage"},"datePublished":"2010-05-21T15:36:23+00:00","dateModified":"2010-06-02T11:34:04+00:00","author":{"@id":"https:\/\/www.laffer-bimbela.de\/#\/schema\/person\/682c011f392842d02a3060a1fe20f240"},"breadcrumb":{"@id":"https:\/\/www.laffer-bimbela.de\/index.php\/archives\/allgemein\/404-laffer-bimbela-jubliaumsturnier-12-06-2010-update.html#breadcrumb"},"inLanguage":"de","potentialAction":[{"@type":"ReadAction","target":["https:\/\/www.laffer-bimbela.de\/index.php\/archives\/allgemein\/404-laffer-bimbela-jubliaumsturnier-12-06-2010-update.html"]}]},{"@type":"BreadcrumbList","@id":"https:\/\/www.laffer-bimbela.de\/index.php\/archives\/allgemein\/404-laffer-bimbela-jubliaumsturnier-12-06-2010-update.html#breadcrumb","itemListElement":[{"@type":"ListItem","position":1,"name":"Startseite","item":"https:\/\/www.laffer-bimbela.de\/"},{"@type":"ListItem","position":2,"name":"Laffer Bimbela Jubli\u00e4umsturnier 12.06.2010 &#8211; *update*"}]},{"@type":"Person","@id":"https:\/\/www.laffer-bimbela.de\/#\/schema\/person\/682c011f392842d02a3060a1fe20f240","name":"Winter","image":{"@type":"ImageObject","@id":"https:\/\/www.laffer-bimbela.de\/#personlogo","inLanguage":"de","url":"https:\/\/secure.gravatar.com\/avatar\/129d4f58a1d044690c3ec2a6a6e48abc?s=96&d=mm&r=g","contentUrl":"https:\/\/secure.gravatar.com\/avatar\/129d4f58a1d044690c3ec2a6a6e48abc?s=96&d=mm&r=g","caption":"Winter"},"sameAs":["https:\/\/www.laffer-bimbela.de"],"url":"https:\/\/www.laffer-bimbela.de\/index.php\/archives\/author\/winter"}]}},"jetpack_sharing_enabled":true,"jetpack_shortlink":"https:\/\/wp.me\/p7Uyt8-6w","jetpack-related-posts":[],"_links":{"self":[{"href":"https:\/\/www.laffer-bimbela.de\/index.php\/wp-json\/wp\/v2\/posts\/404"}],"collection":[{"href":"https:\/\/www.laffer-bimbela.de\/index.php\/wp-json\/wp\/v2\/posts"}],"about":[{"href":"https:\/\/www.laffer-bimbela.de\/index.php\/wp-json\/wp\/v2\/types\/post"}],"author":[{"embeddable":true,"href":"https:\/\/www.laffer-bimbela.de\/index.php\/wp-json\/wp\/v2\/users\/2"}],"replies":[{"embeddable":true,"href":"https:\/\/www.laffer-bimbela.de\/index.php\/wp-json\/wp\/v2\/comments?post=404"}],"version-history":[{"count":4,"href":"https:\/\/www.laffer-bimbela.de\/index.php\/wp-json\/wp\/v2\/posts\/404\/revisions"}],"predecessor-version":[{"id":452,"href":"https:\/\/www.laffer-bimbela.de\/index.php\/wp-json\/wp\/v2\/posts\/404\/revisions\/452"}],"wp:attachment":[{"href":"https:\/\/www.laffer-bimbela.de\/index.php\/wp-json\/wp\/v2\/media?parent=404"}],"wp:term":[{"taxonomy":"category","embeddable":true,"href":"https:\/\/www.laffer-bimbela.de\/index.php\/wp-json\/wp\/v2\/categories?post=404"},{"taxonomy":"post_tag","embeddable":true,"href":"https:\/\/www.laffer-bimbela.de\/index.php\/wp-json\/wp\/v2\/tags?post=404"}],"curies":[{"name":"wp","href":"https:\/\/api.w.org\/{rel}","templated":true}]}}