{"id":21,"date":"2007-06-27T15:15:08","date_gmt":"2007-06-27T13:15:08","guid":{"rendered":"http:\/\/andy-brandl.de\/bimbela\/blog\/index.php\/archives\/termine\/21-weitere-kleinfeld-termine.html"},"modified":"2008-08-12T14:52:03","modified_gmt":"2008-08-12T13:52:03","slug":"weitere-kleinfeld-termine","status":"publish","type":"post","link":"https:\/\/www.laffer-bimbela.de\/index.php\/archives\/termine\/21-weitere-kleinfeld-termine.html","title":{"rendered":"Weitere Kleinfeld-Termine"},"content":{"rendered":"<p><a target=\"_blank\" href=\"https:\/\/www.laffer-bimbela.de\/index.php\/archives\/spielberichte\/20-lieber-fuenfter-als-fuerther.html\">Flo Winter<\/a> hat uns f\u00fcr ein weiteres Turnier angemeldet:<\/p>\n<p><strong><a target=\"_blank\" title=\"www.laolafussballcenter.de\" href=\"http:\/\/www.laolafussballcenter.de\/hobbyfussball.de\/index.php?c=content\/turniere\/detail.php&#038;id=1861&#038;page=1&#038;dyntermin=200707\">Beka-Max Sommer-Cup 2007<\/a><\/strong><\/p>\n<p>Am <strong>07.07.07<\/strong> veranstaltet <strong>Atletico Beka-Max<\/strong> das allj\u00e4hrliche Kleinfeld-Turnier in Erlenstegen (TSV 1846 N\u00fcrnberg, Wei\u00dfenseestr. 32.); Treffpunkt <strong>Spar-Markt Rudolfshof<\/strong> um 10:00 Uhr!<\/p>\n<p>Turnierbeginn wird 11:00 Uhr sein und sobald alle Mannschaften angekommen sind, beginnt die Auslosung. Jedes Team bekommt eine Urkunde und die ersten Drei jeweils einen Pokal und Sachpreise. Es werden <strong>16 Mannschaften<\/strong> in 4 Gruppen aufgeteilt spielen. Die beiden Gruppenersten qualifizieren sich dann f\u00fcr das Viertelfinale,danach wird der \u00fcbliche Turnier-Verlauf gespielt.<\/p>\n<p>Hier bereits vermeldete Termine:<\/p>\n<p>Am <strong>Sonntag, 08.07.2007<\/strong> spielen wir ein Testspiel gegen <strong><a target=\"_blank\" title=\"Celtic Erlangen Homepage\" href=\"http:\/\/www.celtic-erlangen.de\">Celtic Erlangen<\/a><\/strong> um 15:00 Uhr in <strong>Rudolfshof!!!<\/strong><\/p>\n<p>Am <strong>Samstag, 21.07.2007<\/strong> spielen wir das <a target=\"_blank\" href=\"https:\/\/www.laffer-bimbela.de\/index.php\/archives\/allgemein\/17-freizeitfussballturnier-in-simonshofen.html\"><strong>Turnier in Simonshofen<\/strong><\/a> ab 13:00 Uhr.<\/p>\n<p>Am <strong>Sonntag, 22.07.2007<\/strong> spielen wir ab 10:00 Uhr ein weiteres <strong><a target=\"_blank\" title=\"3. Celtic Kleinfeldturnier\" href=\"http:\/\/www.beepworld.de\/members\/celticerlangen\/turnier_kleinfeld3.htm\">Turnier bei Celtic in in Erlangen<\/a><\/strong>.<\/p>\n<p>10:19-10:34 Celtic Erlangen &#8211; <strong>Laffer Bimbela<\/strong><br \/>\n12:01-12:16 <strong>Laffer Bimbela<\/strong> &#8211; FC Ossa Dure<br \/>\n13:09-13:24 1. FC Bayern F\u00fcrth &#8211; <strong>Laffer Bimbela<\/strong><br \/>\n14:17-14:32 Red Black Dragons Girls &#8211; <strong>Laffer Bimbela<\/strong><\/p>\n<p>Wer mitspielen will, bitte bei <strong><a target=\"_blank\" title=\"Brandl\" href=\"https:\/\/www.laffer-bimbela.de\/index.php\/ueber\/\">mir<\/a><\/strong> oder beim <strong>Florian Winter<\/strong> melden.<\/p>\n<div class=\"sharedaddy sd-sharing-enabled\"><div class=\"robots-nocontent sd-block sd-social sd-social-icon sd-sharing\"><h3 class=\"sd-title\">Teilen \u00fcber:<\/h3><div class=\"sd-content\"><ul><li class=\"share-email\"><a rel=\"nofollow noopener noreferrer\" data-shared=\"\" class=\"share-email sd-button share-icon no-text\" href=\"https:\/\/www.laffer-bimbela.de\/index.php\/archives\/termine\/21-weitere-kleinfeld-termine.html?share=email\" target=\"_blank\" title=\"Klick, um dies einem Freund per E-Mail zu senden\"><span><\/span><span class=\"sharing-screen-reader-text\">Klick, um dies einem Freund per E-Mail zu senden (Wird in neuem Fenster ge\u00f6ffnet)<\/span><\/a><\/li><li class=\"share-twitter\"><a rel=\"nofollow noopener noreferrer\" data-shared=\"sharing-twitter-21\" class=\"share-twitter sd-button share-icon no-text\" href=\"https:\/\/www.laffer-bimbela.de\/index.php\/archives\/termine\/21-weitere-kleinfeld-termine.html?share=twitter\" target=\"_blank\" title=\"Klick, um \u00fcber Twitter zu teilen\"><span><\/span><span class=\"sharing-screen-reader-text\">Klick, um \u00fcber Twitter zu teilen (Wird in neuem Fenster ge\u00f6ffnet)<\/span><\/a><\/li><li><a href=\"#\" class=\"sharing-anchor sd-button share-more\"><span>Mehr<\/span><\/a><\/li><li class=\"share-end\"><\/li><\/ul><div class=\"sharing-hidden\"><div class=\"inner\" style=\"display: none;width:150px;\"><ul style=\"background-image:none;\"><li class=\"share-facebook\"><a rel=\"nofollow noopener noreferrer\" data-shared=\"sharing-facebook-21\" class=\"share-facebook sd-button share-icon no-text\" href=\"https:\/\/www.laffer-bimbela.de\/index.php\/archives\/termine\/21-weitere-kleinfeld-termine.html?share=facebook\" target=\"_blank\" title=\"Klick, um auf Facebook zu teilen\"><span><\/span><span class=\"sharing-screen-reader-text\">Klick, um auf Facebook zu teilen (Wird in neuem Fenster ge\u00f6ffnet)<\/span><\/a><\/li><li class=\"share-end\"><\/li><\/ul><\/div><\/div><\/div><\/div><\/div>","protected":false},"excerpt":{"rendered":"<p>Flo Winter hat uns f\u00fcr ein weiteres Turnier angemeldet: Beka-Max Sommer-Cup 2007 Am 07.07.07 veranstaltet Atletico Beka-Max das allj\u00e4hrliche Kleinfeld-Turnier in Erlenstegen (TSV 1846 N\u00fcrnberg, Wei\u00dfenseestr. 32.); Treffpunkt Spar-Markt Rudolfshof um 10:00 Uhr! Turnierbeginn wird 11:00 Uhr sein und sobald alle Mannschaften angekommen sind, beginnt die Auslosung. Jedes Team bekommt eine Urkunde und die ersten [&hellip;]<\/p>\n<div class=\"sharedaddy sd-sharing-enabled\"><div class=\"robots-nocontent sd-block sd-social sd-social-icon sd-sharing\"><h3 class=\"sd-title\">Teilen \u00fcber:<\/h3><div class=\"sd-content\"><ul><li class=\"share-email\"><a rel=\"nofollow noopener noreferrer\" data-shared=\"\" class=\"share-email sd-button share-icon no-text\" href=\"https:\/\/www.laffer-bimbela.de\/index.php\/archives\/termine\/21-weitere-kleinfeld-termine.html?share=email\" target=\"_blank\" title=\"Klick, um dies einem Freund per E-Mail zu senden\"><span><\/span><span class=\"sharing-screen-reader-text\">Klick, um dies einem Freund per E-Mail zu senden (Wird in neuem Fenster ge\u00f6ffnet)<\/span><\/a><\/li><li class=\"share-twitter\"><a rel=\"nofollow noopener noreferrer\" data-shared=\"sharing-twitter-21\" class=\"share-twitter sd-button share-icon no-text\" href=\"https:\/\/www.laffer-bimbela.de\/index.php\/archives\/termine\/21-weitere-kleinfeld-termine.html?share=twitter\" target=\"_blank\" title=\"Klick, um \u00fcber Twitter zu teilen\"><span><\/span><span class=\"sharing-screen-reader-text\">Klick, um \u00fcber Twitter zu teilen (Wird in neuem Fenster ge\u00f6ffnet)<\/span><\/a><\/li><li><a href=\"#\" class=\"sharing-anchor sd-button share-more\"><span>Mehr<\/span><\/a><\/li><li class=\"share-end\"><\/li><\/ul><div class=\"sharing-hidden\"><div class=\"inner\" style=\"display: none;width:150px;\"><ul style=\"background-image:none;\"><li class=\"share-facebook\"><a rel=\"nofollow noopener noreferrer\" data-shared=\"sharing-facebook-21\" class=\"share-facebook sd-button share-icon no-text\" href=\"https:\/\/www.laffer-bimbela.de\/index.php\/archives\/termine\/21-weitere-kleinfeld-termine.html?share=facebook\" target=\"_blank\" title=\"Klick, um auf Facebook zu teilen\"><span><\/span><span class=\"sharing-screen-reader-text\">Klick, um auf Facebook zu teilen (Wird in neuem Fenster ge\u00f6ffnet)<\/span><\/a><\/li><li class=\"share-end\"><\/li><\/ul><\/div><\/div><\/div><\/div><\/div>","protected":false},"author":6,"featured_media":0,"comment_status":"open","ping_status":"open","sticky":false,"template":"","format":"standard","meta":{"spay_email":"","jetpack_publicize_message":""},"categories":[4],"tags":[44],"jetpack_featured_media_url":"","jetpack_publicize_connections":[],"yoast_head":"<!-- This site is optimized with the Yoast SEO plugin v18.2 - https:\/\/yoast.com\/wordpress\/plugins\/seo\/ -->\n<meta name=\"robots\" content=\"index, follow, max-snippet:-1, max-image-preview:large, max-video-preview:-1\" \/>\n<link rel=\"canonical\" href=\"https:\/\/www.laffer-bimbela.de\/index.php\/archives\/termine\/21-weitere-kleinfeld-termine.html\" \/>\n<meta property=\"og:locale\" content=\"de_DE\" \/>\n<meta property=\"og:type\" content=\"article\" \/>\n<meta property=\"og:title\" content=\"Weitere Kleinfeld-Termine - Die Laffer Bimbela\" \/>\n<meta property=\"og:description\" content=\"Flo Winter hat uns f\u00fcr ein weiteres Turnier angemeldet: Beka-Max Sommer-Cup 2007 Am 07.07.07 veranstaltet Atletico Beka-Max das allj\u00e4hrliche Kleinfeld-Turnier in Erlenstegen (TSV 1846 N\u00fcrnberg, Wei\u00dfenseestr. 32.); Treffpunkt Spar-Markt Rudolfshof um 10:00 Uhr! Turnierbeginn wird 11:00 Uhr sein und sobald alle Mannschaften angekommen sind, beginnt die Auslosung. Jedes Team bekommt eine Urkunde und die ersten [&hellip;]\" \/>\n<meta property=\"og:url\" content=\"https:\/\/www.laffer-bimbela.de\/index.php\/archives\/termine\/21-weitere-kleinfeld-termine.html\" \/>\n<meta property=\"og:site_name\" content=\"Die Laffer Bimbela\" \/>\n<meta property=\"article:published_time\" content=\"2007-06-27T13:15:08+00:00\" \/>\n<meta property=\"article:modified_time\" content=\"2008-08-12T13:52:03+00:00\" \/>\n<meta name=\"twitter:card\" content=\"summary_large_image\" \/>\n<meta name=\"twitter:label1\" content=\"Verfasst von\" \/>\n\t<meta name=\"twitter:data1\" content=\"Andreas Brandl\" \/>\n\t<meta name=\"twitter:label2\" content=\"Gesch\u00e4tzte Lesezeit\" \/>\n\t<meta name=\"twitter:data2\" content=\"1\u00a0Minute\" \/>\n<script type=\"application\/ld+json\" class=\"yoast-schema-graph\">{\"@context\":\"https:\/\/schema.org\",\"@graph\":[{\"@type\":\"WebSite\",\"@id\":\"https:\/\/www.laffer-bimbela.de\/#website\",\"url\":\"https:\/\/www.laffer-bimbela.de\/\",\"name\":\"Die Laffer Bimbela\",\"description\":\"1.FC N\u00fcrnberg Fanclub aus Lauf a.d. Pegnitz\",\"potentialAction\":[{\"@type\":\"SearchAction\",\"target\":{\"@type\":\"EntryPoint\",\"urlTemplate\":\"https:\/\/www.laffer-bimbela.de\/?s={search_term_string}\"},\"query-input\":\"required name=search_term_string\"}],\"inLanguage\":\"de\"},{\"@type\":\"WebPage\",\"@id\":\"https:\/\/www.laffer-bimbela.de\/index.php\/archives\/termine\/21-weitere-kleinfeld-termine.html#webpage\",\"url\":\"https:\/\/www.laffer-bimbela.de\/index.php\/archives\/termine\/21-weitere-kleinfeld-termine.html\",\"name\":\"Weitere Kleinfeld-Termine - Die Laffer Bimbela\",\"isPartOf\":{\"@id\":\"https:\/\/www.laffer-bimbela.de\/#website\"},\"datePublished\":\"2007-06-27T13:15:08+00:00\",\"dateModified\":\"2008-08-12T13:52:03+00:00\",\"author\":{\"@id\":\"https:\/\/www.laffer-bimbela.de\/#\/schema\/person\/254d95c93eb07990208e4910917ae233\"},\"breadcrumb\":{\"@id\":\"https:\/\/www.laffer-bimbela.de\/index.php\/archives\/termine\/21-weitere-kleinfeld-termine.html#breadcrumb\"},\"inLanguage\":\"de\",\"potentialAction\":[{\"@type\":\"ReadAction\",\"target\":[\"https:\/\/www.laffer-bimbela.de\/index.php\/archives\/termine\/21-weitere-kleinfeld-termine.html\"]}]},{\"@type\":\"BreadcrumbList\",\"@id\":\"https:\/\/www.laffer-bimbela.de\/index.php\/archives\/termine\/21-weitere-kleinfeld-termine.html#breadcrumb\",\"itemListElement\":[{\"@type\":\"ListItem\",\"position\":1,\"name\":\"Startseite\",\"item\":\"https:\/\/www.laffer-bimbela.de\/\"},{\"@type\":\"ListItem\",\"position\":2,\"name\":\"Weitere Kleinfeld-Termine\"}]},{\"@type\":\"Person\",\"@id\":\"https:\/\/www.laffer-bimbela.de\/#\/schema\/person\/254d95c93eb07990208e4910917ae233\",\"name\":\"Andreas Brandl\",\"image\":{\"@type\":\"ImageObject\",\"@id\":\"https:\/\/www.laffer-bimbela.de\/#personlogo\",\"inLanguage\":\"de\",\"url\":\"https:\/\/secure.gravatar.com\/avatar\/b577aa88df95ca59ef102fb43091764e?s=96&d=mm&r=g\",\"contentUrl\":\"https:\/\/secure.gravatar.com\/avatar\/b577aa88df95ca59ef102fb43091764e?s=96&d=mm&r=g\",\"caption\":\"Andreas Brandl\"},\"sameAs\":[\"https:\/\/www.laffer-bimbela.de\"],\"url\":\"https:\/\/www.laffer-bimbela.de\/index.php\/archives\/author\/andy\"}]}<\/script>\n<!-- \/ Yoast SEO plugin. -->","yoast_head_json":{"robots":{"index":"index","follow":"follow","max-snippet":"max-snippet:-1","max-image-preview":"max-image-preview:large","max-video-preview":"max-video-preview:-1"},"canonical":"https:\/\/www.laffer-bimbela.de\/index.php\/archives\/termine\/21-weitere-kleinfeld-termine.html","og_locale":"de_DE","og_type":"article","og_title":"Weitere Kleinfeld-Termine - Die Laffer Bimbela","og_description":"Flo Winter hat uns f\u00fcr ein weiteres Turnier angemeldet: Beka-Max Sommer-Cup 2007 Am 07.07.07 veranstaltet Atletico Beka-Max das allj\u00e4hrliche Kleinfeld-Turnier in Erlenstegen (TSV 1846 N\u00fcrnberg, Wei\u00dfenseestr. 32.); Treffpunkt Spar-Markt Rudolfshof um 10:00 Uhr! Turnierbeginn wird 11:00 Uhr sein und sobald alle Mannschaften angekommen sind, beginnt die Auslosung. Jedes Team bekommt eine Urkunde und die ersten [&hellip;]","og_url":"https:\/\/www.laffer-bimbela.de\/index.php\/archives\/termine\/21-weitere-kleinfeld-termine.html","og_site_name":"Die Laffer Bimbela","article_published_time":"2007-06-27T13:15:08+00:00","article_modified_time":"2008-08-12T13:52:03+00:00","twitter_card":"summary_large_image","twitter_misc":{"Verfasst von":"Andreas Brandl","Gesch\u00e4tzte Lesezeit":"1\u00a0Minute"},"schema":{"@context":"https:\/\/schema.org","@graph":[{"@type":"WebSite","@id":"https:\/\/www.laffer-bimbela.de\/#website","url":"https:\/\/www.laffer-bimbela.de\/","name":"Die Laffer Bimbela","description":"1.FC N\u00fcrnberg Fanclub aus Lauf a.d. Pegnitz","potentialAction":[{"@type":"SearchAction","target":{"@type":"EntryPoint","urlTemplate":"https:\/\/www.laffer-bimbela.de\/?s={search_term_string}"},"query-input":"required name=search_term_string"}],"inLanguage":"de"},{"@type":"WebPage","@id":"https:\/\/www.laffer-bimbela.de\/index.php\/archives\/termine\/21-weitere-kleinfeld-termine.html#webpage","url":"https:\/\/www.laffer-bimbela.de\/index.php\/archives\/termine\/21-weitere-kleinfeld-termine.html","name":"Weitere Kleinfeld-Termine - Die Laffer Bimbela","isPartOf":{"@id":"https:\/\/www.laffer-bimbela.de\/#website"},"datePublished":"2007-06-27T13:15:08+00:00","dateModified":"2008-08-12T13:52:03+00:00","author":{"@id":"https:\/\/www.laffer-bimbela.de\/#\/schema\/person\/254d95c93eb07990208e4910917ae233"},"breadcrumb":{"@id":"https:\/\/www.laffer-bimbela.de\/index.php\/archives\/termine\/21-weitere-kleinfeld-termine.html#breadcrumb"},"inLanguage":"de","potentialAction":[{"@type":"ReadAction","target":["https:\/\/www.laffer-bimbela.de\/index.php\/archives\/termine\/21-weitere-kleinfeld-termine.html"]}]},{"@type":"BreadcrumbList","@id":"https:\/\/www.laffer-bimbela.de\/index.php\/archives\/termine\/21-weitere-kleinfeld-termine.html#breadcrumb","itemListElement":[{"@type":"ListItem","position":1,"name":"Startseite","item":"https:\/\/www.laffer-bimbela.de\/"},{"@type":"ListItem","position":2,"name":"Weitere Kleinfeld-Termine"}]},{"@type":"Person","@id":"https:\/\/www.laffer-bimbela.de\/#\/schema\/person\/254d95c93eb07990208e4910917ae233","name":"Andreas Brandl","image":{"@type":"ImageObject","@id":"https:\/\/www.laffer-bimbela.de\/#personlogo","inLanguage":"de","url":"https:\/\/secure.gravatar.com\/avatar\/b577aa88df95ca59ef102fb43091764e?s=96&d=mm&r=g","contentUrl":"https:\/\/secure.gravatar.com\/avatar\/b577aa88df95ca59ef102fb43091764e?s=96&d=mm&r=g","caption":"Andreas Brandl"},"sameAs":["https:\/\/www.laffer-bimbela.de"],"url":"https:\/\/www.laffer-bimbela.de\/index.php\/archives\/author\/andy"}]}},"jetpack_sharing_enabled":true,"jetpack_shortlink":"https:\/\/wp.me\/p7Uyt8-l","jetpack-related-posts":[],"_links":{"self":[{"href":"https:\/\/www.laffer-bimbela.de\/index.php\/wp-json\/wp\/v2\/posts\/21"}],"collection":[{"href":"https:\/\/www.laffer-bimbela.de\/index.php\/wp-json\/wp\/v2\/posts"}],"about":[{"href":"https:\/\/www.laffer-bimbela.de\/index.php\/wp-json\/wp\/v2\/types\/post"}],"author":[{"embeddable":true,"href":"https:\/\/www.laffer-bimbela.de\/index.php\/wp-json\/wp\/v2\/users\/6"}],"replies":[{"embeddable":true,"href":"https:\/\/www.laffer-bimbela.de\/index.php\/wp-json\/wp\/v2\/comments?post=21"}],"version-history":[{"count":0,"href":"https:\/\/www.laffer-bimbela.de\/index.php\/wp-json\/wp\/v2\/posts\/21\/revisions"}],"wp:attachment":[{"href":"https:\/\/www.laffer-bimbela.de\/index.php\/wp-json\/wp\/v2\/media?parent=21"}],"wp:term":[{"taxonomy":"category","embeddable":true,"href":"https:\/\/www.laffer-bimbela.de\/index.php\/wp-json\/wp\/v2\/categories?post=21"},{"taxonomy":"post_tag","embeddable":true,"href":"https:\/\/www.laffer-bimbela.de\/index.php\/wp-json\/wp\/v2\/tags?post=21"}],"curies":[{"name":"wp","href":"https:\/\/api.w.org\/{rel}","templated":true}]}}