{"id":145,"date":"2009-07-06T07:53:45","date_gmt":"2009-07-06T05:53:45","guid":{"rendered":"http:\/\/www.laffer-bimbela.de\/?p=145"},"modified":"2010-08-02T13:22:32","modified_gmt":"2010-08-02T12:22:32","slug":"laufer-stadtmeisterschaft-2009","status":"publish","type":"post","link":"https:\/\/www.laffer-bimbela.de\/index.php\/archives\/laffer-bimbela\/145-laufer-stadtmeisterschaft-2009.html","title":{"rendered":"Laufer Stadtmeisterschaft 2009"},"content":{"rendered":"<p>Seit langer Zeit haben wir dieses Jahr mal wieder bei den Laufer Stadtmeisterschaften teilgenommen. Leider waren wir im Endeffekt mehr oder weniger mit einer Rumpftruppe am Start und konnten so mit 0 erzielten Toren und 0 Punkte zeigen dass Gro\u00dffeldeins\u00e4tze nicht wirklich was f\u00fcr uns sind. Das Auftaktmatch gegen Prompt Daneben verloren wir mit zwei Mann weniger gleich 0:2, im Verlauf des zweiten Spieles wurden wir dann immerhin komplett was die Niederlage gegen die Spielgemeinschaft von FKK Standard und Dribble Deluxe jedoch auch nicht abwenden konnten. Auch die beiden anderen Gruppenspiele gegen Kolping und B14 Kickers verloren wir sang- und klanglos, immerhin schafften wir es in den beiden Spielen auch mal \u00fcber die Mittellinie. Das Spiel um Platz 9 blieb uns dann leider erspart, anscheinend waren die Jungs von blau-wei\u00df irgendwas sowas von beeindruckt von unserer enormen Spielst\u00e4rke&#8230;&#8230;..<\/p>\n<p><strong>Fazit:<\/strong> Gro\u00dffeld ist nix f\u00fcr uns und wir sollten es zuk\u00fcnftig lieber bleiben lassen!!!! Ich hoffe die Jungs hatten bei Fahnenmeiers Junggesellenabschied mehr Spa\u00df&#8230;&#8230;&#8230;.Obwohl wir vom VfL Weizenbock auch prima versorgt worden sind, vielen Dank f\u00fcr\u00b4s leckere Dreykorn!!! Man merkt halt einfach, wenn der Jul was organisiert dann hat\u00b4s Hand und Fu\u00df!!!! Vielen Dank daf\u00fcr!<\/p>\n<p><em><strong>Flo Winter<\/strong><\/em><\/p>\n<p>Am 11.7 steht jetzt unser Bimbela-Retro-Cup in Diepersdorf an, da darf\u00b4s dann auch n bissl mehr als n vorletzer Platz sein.<\/p>\n<p>Am Rande der Stadmeisterschaft wurden auch folgende Termine f\u00fcr Hobbyligaspiele ausgemacht<\/p>\n<p>14.8.2009 Prompt Daneben (ca. 18-19 Uhr)<\/p>\n<p>WE 21-23.8.2009 Spiel gegen Dribble (genaues Datum m\u00fc\u00dfen wir noch mit Bundesligaspielplan abstimmen)<\/p>\n<div class=\"sharedaddy sd-sharing-enabled\"><div class=\"robots-nocontent sd-block sd-social sd-social-icon sd-sharing\"><h3 class=\"sd-title\">Teilen \u00fcber:<\/h3><div class=\"sd-content\"><ul><li class=\"share-email\"><a rel=\"nofollow noopener noreferrer\" data-shared=\"\" class=\"share-email sd-button share-icon no-text\" href=\"https:\/\/www.laffer-bimbela.de\/index.php\/archives\/laffer-bimbela\/145-laufer-stadtmeisterschaft-2009.html?share=email\" target=\"_blank\" title=\"Klick, um dies einem Freund per E-Mail zu senden\"><span><\/span><span class=\"sharing-screen-reader-text\">Klick, um dies einem Freund per E-Mail zu senden (Wird in neuem Fenster ge\u00f6ffnet)<\/span><\/a><\/li><li class=\"share-twitter\"><a rel=\"nofollow noopener noreferrer\" data-shared=\"sharing-twitter-145\" class=\"share-twitter sd-button share-icon no-text\" href=\"https:\/\/www.laffer-bimbela.de\/index.php\/archives\/laffer-bimbela\/145-laufer-stadtmeisterschaft-2009.html?share=twitter\" target=\"_blank\" title=\"Klick, um \u00fcber Twitter zu teilen\"><span><\/span><span class=\"sharing-screen-reader-text\">Klick, um \u00fcber Twitter zu teilen (Wird in neuem Fenster ge\u00f6ffnet)<\/span><\/a><\/li><li><a href=\"#\" class=\"sharing-anchor sd-button share-more\"><span>Mehr<\/span><\/a><\/li><li class=\"share-end\"><\/li><\/ul><div class=\"sharing-hidden\"><div class=\"inner\" style=\"display: none;width:150px;\"><ul style=\"background-image:none;\"><li class=\"share-facebook\"><a rel=\"nofollow noopener noreferrer\" data-shared=\"sharing-facebook-145\" class=\"share-facebook sd-button share-icon no-text\" href=\"https:\/\/www.laffer-bimbela.de\/index.php\/archives\/laffer-bimbela\/145-laufer-stadtmeisterschaft-2009.html?share=facebook\" target=\"_blank\" title=\"Klick, um auf Facebook zu teilen\"><span><\/span><span class=\"sharing-screen-reader-text\">Klick, um auf Facebook zu teilen (Wird in neuem Fenster ge\u00f6ffnet)<\/span><\/a><\/li><li class=\"share-end\"><\/li><\/ul><\/div><\/div><\/div><\/div><\/div>","protected":false},"excerpt":{"rendered":"<p>Seit langer Zeit haben wir dieses Jahr mal wieder bei den Laufer Stadtmeisterschaften teilgenommen. Leider waren wir im Endeffekt mehr oder weniger mit einer Rumpftruppe am Start und konnten so mit 0 erzielten Toren und 0 Punkte zeigen dass Gro\u00dffeldeins\u00e4tze nicht wirklich was f\u00fcr uns sind. Das Auftaktmatch gegen Prompt Daneben verloren wir mit zwei [&hellip;]<\/p>\n<div class=\"sharedaddy sd-sharing-enabled\"><div class=\"robots-nocontent sd-block sd-social sd-social-icon sd-sharing\"><h3 class=\"sd-title\">Teilen \u00fcber:<\/h3><div class=\"sd-content\"><ul><li class=\"share-email\"><a rel=\"nofollow noopener noreferrer\" data-shared=\"\" class=\"share-email sd-button share-icon no-text\" href=\"https:\/\/www.laffer-bimbela.de\/index.php\/archives\/laffer-bimbela\/145-laufer-stadtmeisterschaft-2009.html?share=email\" target=\"_blank\" title=\"Klick, um dies einem Freund per E-Mail zu senden\"><span><\/span><span class=\"sharing-screen-reader-text\">Klick, um dies einem Freund per E-Mail zu senden (Wird in neuem Fenster ge\u00f6ffnet)<\/span><\/a><\/li><li class=\"share-twitter\"><a rel=\"nofollow noopener noreferrer\" data-shared=\"sharing-twitter-145\" class=\"share-twitter sd-button share-icon no-text\" href=\"https:\/\/www.laffer-bimbela.de\/index.php\/archives\/laffer-bimbela\/145-laufer-stadtmeisterschaft-2009.html?share=twitter\" target=\"_blank\" title=\"Klick, um \u00fcber Twitter zu teilen\"><span><\/span><span class=\"sharing-screen-reader-text\">Klick, um \u00fcber Twitter zu teilen (Wird in neuem Fenster ge\u00f6ffnet)<\/span><\/a><\/li><li><a href=\"#\" class=\"sharing-anchor sd-button share-more\"><span>Mehr<\/span><\/a><\/li><li class=\"share-end\"><\/li><\/ul><div class=\"sharing-hidden\"><div class=\"inner\" style=\"display: none;width:150px;\"><ul style=\"background-image:none;\"><li class=\"share-facebook\"><a rel=\"nofollow noopener noreferrer\" data-shared=\"sharing-facebook-145\" class=\"share-facebook sd-button share-icon no-text\" href=\"https:\/\/www.laffer-bimbela.de\/index.php\/archives\/laffer-bimbela\/145-laufer-stadtmeisterschaft-2009.html?share=facebook\" target=\"_blank\" title=\"Klick, um auf Facebook zu teilen\"><span><\/span><span class=\"sharing-screen-reader-text\">Klick, um auf Facebook zu teilen (Wird in neuem Fenster ge\u00f6ffnet)<\/span><\/a><\/li><li class=\"share-end\"><\/li><\/ul><\/div><\/div><\/div><\/div><\/div>","protected":false},"author":2,"featured_media":0,"comment_status":"open","ping_status":"open","sticky":false,"template":"","format":"standard","meta":{"spay_email":"","jetpack_publicize_message":""},"categories":[147],"tags":[47,27],"jetpack_featured_media_url":"","jetpack_publicize_connections":[],"yoast_head":"<!-- This site is optimized with the Yoast SEO plugin v18.2 - https:\/\/yoast.com\/wordpress\/plugins\/seo\/ -->\n<meta name=\"robots\" content=\"index, follow, max-snippet:-1, max-image-preview:large, max-video-preview:-1\" \/>\n<link rel=\"canonical\" href=\"https:\/\/www.laffer-bimbela.de\/index.php\/archives\/laffer-bimbela\/145-laufer-stadtmeisterschaft-2009.html\" \/>\n<meta property=\"og:locale\" content=\"de_DE\" \/>\n<meta property=\"og:type\" content=\"article\" \/>\n<meta property=\"og:title\" content=\"Laufer Stadtmeisterschaft 2009 - Die Laffer Bimbela\" \/>\n<meta property=\"og:description\" content=\"Seit langer Zeit haben wir dieses Jahr mal wieder bei den Laufer Stadtmeisterschaften teilgenommen. Leider waren wir im Endeffekt mehr oder weniger mit einer Rumpftruppe am Start und konnten so mit 0 erzielten Toren und 0 Punkte zeigen dass Gro\u00dffeldeins\u00e4tze nicht wirklich was f\u00fcr uns sind. Das Auftaktmatch gegen Prompt Daneben verloren wir mit zwei [&hellip;]\" \/>\n<meta property=\"og:url\" content=\"https:\/\/www.laffer-bimbela.de\/index.php\/archives\/laffer-bimbela\/145-laufer-stadtmeisterschaft-2009.html\" \/>\n<meta property=\"og:site_name\" content=\"Die Laffer Bimbela\" \/>\n<meta property=\"article:published_time\" content=\"2009-07-06T05:53:45+00:00\" \/>\n<meta property=\"article:modified_time\" content=\"2010-08-02T12:22:32+00:00\" \/>\n<meta name=\"twitter:card\" content=\"summary_large_image\" \/>\n<meta name=\"twitter:label1\" content=\"Verfasst von\" \/>\n\t<meta name=\"twitter:data1\" content=\"Winter\" \/>\n\t<meta name=\"twitter:label2\" content=\"Gesch\u00e4tzte Lesezeit\" \/>\n\t<meta name=\"twitter:data2\" content=\"1\u00a0Minute\" \/>\n<script type=\"application\/ld+json\" class=\"yoast-schema-graph\">{\"@context\":\"https:\/\/schema.org\",\"@graph\":[{\"@type\":\"WebSite\",\"@id\":\"https:\/\/www.laffer-bimbela.de\/#website\",\"url\":\"https:\/\/www.laffer-bimbela.de\/\",\"name\":\"Die Laffer Bimbela\",\"description\":\"1.FC N\u00fcrnberg Fanclub aus Lauf a.d. Pegnitz\",\"potentialAction\":[{\"@type\":\"SearchAction\",\"target\":{\"@type\":\"EntryPoint\",\"urlTemplate\":\"https:\/\/www.laffer-bimbela.de\/?s={search_term_string}\"},\"query-input\":\"required name=search_term_string\"}],\"inLanguage\":\"de\"},{\"@type\":\"WebPage\",\"@id\":\"https:\/\/www.laffer-bimbela.de\/index.php\/archives\/laffer-bimbela\/145-laufer-stadtmeisterschaft-2009.html#webpage\",\"url\":\"https:\/\/www.laffer-bimbela.de\/index.php\/archives\/laffer-bimbela\/145-laufer-stadtmeisterschaft-2009.html\",\"name\":\"Laufer Stadtmeisterschaft 2009 - Die Laffer Bimbela\",\"isPartOf\":{\"@id\":\"https:\/\/www.laffer-bimbela.de\/#website\"},\"datePublished\":\"2009-07-06T05:53:45+00:00\",\"dateModified\":\"2010-08-02T12:22:32+00:00\",\"author\":{\"@id\":\"https:\/\/www.laffer-bimbela.de\/#\/schema\/person\/682c011f392842d02a3060a1fe20f240\"},\"breadcrumb\":{\"@id\":\"https:\/\/www.laffer-bimbela.de\/index.php\/archives\/laffer-bimbela\/145-laufer-stadtmeisterschaft-2009.html#breadcrumb\"},\"inLanguage\":\"de\",\"potentialAction\":[{\"@type\":\"ReadAction\",\"target\":[\"https:\/\/www.laffer-bimbela.de\/index.php\/archives\/laffer-bimbela\/145-laufer-stadtmeisterschaft-2009.html\"]}]},{\"@type\":\"BreadcrumbList\",\"@id\":\"https:\/\/www.laffer-bimbela.de\/index.php\/archives\/laffer-bimbela\/145-laufer-stadtmeisterschaft-2009.html#breadcrumb\",\"itemListElement\":[{\"@type\":\"ListItem\",\"position\":1,\"name\":\"Startseite\",\"item\":\"https:\/\/www.laffer-bimbela.de\/\"},{\"@type\":\"ListItem\",\"position\":2,\"name\":\"Laufer Stadtmeisterschaft 2009\"}]},{\"@type\":\"Person\",\"@id\":\"https:\/\/www.laffer-bimbela.de\/#\/schema\/person\/682c011f392842d02a3060a1fe20f240\",\"name\":\"Winter\",\"image\":{\"@type\":\"ImageObject\",\"@id\":\"https:\/\/www.laffer-bimbela.de\/#personlogo\",\"inLanguage\":\"de\",\"url\":\"https:\/\/secure.gravatar.com\/avatar\/129d4f58a1d044690c3ec2a6a6e48abc?s=96&d=mm&r=g\",\"contentUrl\":\"https:\/\/secure.gravatar.com\/avatar\/129d4f58a1d044690c3ec2a6a6e48abc?s=96&d=mm&r=g\",\"caption\":\"Winter\"},\"sameAs\":[\"https:\/\/www.laffer-bimbela.de\"],\"url\":\"https:\/\/www.laffer-bimbela.de\/index.php\/archives\/author\/winter\"}]}<\/script>\n<!-- \/ Yoast SEO plugin. -->","yoast_head_json":{"robots":{"index":"index","follow":"follow","max-snippet":"max-snippet:-1","max-image-preview":"max-image-preview:large","max-video-preview":"max-video-preview:-1"},"canonical":"https:\/\/www.laffer-bimbela.de\/index.php\/archives\/laffer-bimbela\/145-laufer-stadtmeisterschaft-2009.html","og_locale":"de_DE","og_type":"article","og_title":"Laufer Stadtmeisterschaft 2009 - Die Laffer Bimbela","og_description":"Seit langer Zeit haben wir dieses Jahr mal wieder bei den Laufer Stadtmeisterschaften teilgenommen. Leider waren wir im Endeffekt mehr oder weniger mit einer Rumpftruppe am Start und konnten so mit 0 erzielten Toren und 0 Punkte zeigen dass Gro\u00dffeldeins\u00e4tze nicht wirklich was f\u00fcr uns sind. Das Auftaktmatch gegen Prompt Daneben verloren wir mit zwei [&hellip;]","og_url":"https:\/\/www.laffer-bimbela.de\/index.php\/archives\/laffer-bimbela\/145-laufer-stadtmeisterschaft-2009.html","og_site_name":"Die Laffer Bimbela","article_published_time":"2009-07-06T05:53:45+00:00","article_modified_time":"2010-08-02T12:22:32+00:00","twitter_card":"summary_large_image","twitter_misc":{"Verfasst von":"Winter","Gesch\u00e4tzte Lesezeit":"1\u00a0Minute"},"schema":{"@context":"https:\/\/schema.org","@graph":[{"@type":"WebSite","@id":"https:\/\/www.laffer-bimbela.de\/#website","url":"https:\/\/www.laffer-bimbela.de\/","name":"Die Laffer Bimbela","description":"1.FC N\u00fcrnberg Fanclub aus Lauf a.d. Pegnitz","potentialAction":[{"@type":"SearchAction","target":{"@type":"EntryPoint","urlTemplate":"https:\/\/www.laffer-bimbela.de\/?s={search_term_string}"},"query-input":"required name=search_term_string"}],"inLanguage":"de"},{"@type":"WebPage","@id":"https:\/\/www.laffer-bimbela.de\/index.php\/archives\/laffer-bimbela\/145-laufer-stadtmeisterschaft-2009.html#webpage","url":"https:\/\/www.laffer-bimbela.de\/index.php\/archives\/laffer-bimbela\/145-laufer-stadtmeisterschaft-2009.html","name":"Laufer Stadtmeisterschaft 2009 - Die Laffer Bimbela","isPartOf":{"@id":"https:\/\/www.laffer-bimbela.de\/#website"},"datePublished":"2009-07-06T05:53:45+00:00","dateModified":"2010-08-02T12:22:32+00:00","author":{"@id":"https:\/\/www.laffer-bimbela.de\/#\/schema\/person\/682c011f392842d02a3060a1fe20f240"},"breadcrumb":{"@id":"https:\/\/www.laffer-bimbela.de\/index.php\/archives\/laffer-bimbela\/145-laufer-stadtmeisterschaft-2009.html#breadcrumb"},"inLanguage":"de","potentialAction":[{"@type":"ReadAction","target":["https:\/\/www.laffer-bimbela.de\/index.php\/archives\/laffer-bimbela\/145-laufer-stadtmeisterschaft-2009.html"]}]},{"@type":"BreadcrumbList","@id":"https:\/\/www.laffer-bimbela.de\/index.php\/archives\/laffer-bimbela\/145-laufer-stadtmeisterschaft-2009.html#breadcrumb","itemListElement":[{"@type":"ListItem","position":1,"name":"Startseite","item":"https:\/\/www.laffer-bimbela.de\/"},{"@type":"ListItem","position":2,"name":"Laufer Stadtmeisterschaft 2009"}]},{"@type":"Person","@id":"https:\/\/www.laffer-bimbela.de\/#\/schema\/person\/682c011f392842d02a3060a1fe20f240","name":"Winter","image":{"@type":"ImageObject","@id":"https:\/\/www.laffer-bimbela.de\/#personlogo","inLanguage":"de","url":"https:\/\/secure.gravatar.com\/avatar\/129d4f58a1d044690c3ec2a6a6e48abc?s=96&d=mm&r=g","contentUrl":"https:\/\/secure.gravatar.com\/avatar\/129d4f58a1d044690c3ec2a6a6e48abc?s=96&d=mm&r=g","caption":"Winter"},"sameAs":["https:\/\/www.laffer-bimbela.de"],"url":"https:\/\/www.laffer-bimbela.de\/index.php\/archives\/author\/winter"}]}},"jetpack_sharing_enabled":true,"jetpack_shortlink":"https:\/\/wp.me\/p7Uyt8-2l","jetpack-related-posts":[],"_links":{"self":[{"href":"https:\/\/www.laffer-bimbela.de\/index.php\/wp-json\/wp\/v2\/posts\/145"}],"collection":[{"href":"https:\/\/www.laffer-bimbela.de\/index.php\/wp-json\/wp\/v2\/posts"}],"about":[{"href":"https:\/\/www.laffer-bimbela.de\/index.php\/wp-json\/wp\/v2\/types\/post"}],"author":[{"embeddable":true,"href":"https:\/\/www.laffer-bimbela.de\/index.php\/wp-json\/wp\/v2\/users\/2"}],"replies":[{"embeddable":true,"href":"https:\/\/www.laffer-bimbela.de\/index.php\/wp-json\/wp\/v2\/comments?post=145"}],"version-history":[{"count":6,"href":"https:\/\/www.laffer-bimbela.de\/index.php\/wp-json\/wp\/v2\/posts\/145\/revisions"}],"predecessor-version":[{"id":149,"href":"https:\/\/www.laffer-bimbela.de\/index.php\/wp-json\/wp\/v2\/posts\/145\/revisions\/149"}],"wp:attachment":[{"href":"https:\/\/www.laffer-bimbela.de\/index.php\/wp-json\/wp\/v2\/media?parent=145"}],"wp:term":[{"taxonomy":"category","embeddable":true,"href":"https:\/\/www.laffer-bimbela.de\/index.php\/wp-json\/wp\/v2\/categories?post=145"},{"taxonomy":"post_tag","embeddable":true,"href":"https:\/\/www.laffer-bimbela.de\/index.php\/wp-json\/wp\/v2\/tags?post=145"}],"curies":[{"name":"wp","href":"https:\/\/api.w.org\/{rel}","templated":true}]}}