{"id":1011,"date":"2011-11-01T21:21:59","date_gmt":"2011-11-01T20:21:59","guid":{"rendered":"http:\/\/www.laffer-bimbela.de\/index.php\/archives\/copa-de-frankonia\/1011-finale-copa-de-frankonia-lb-langsee-kickers-74-europapokaaal.html"},"modified":"2011-11-02T17:20:41","modified_gmt":"2011-11-02T16:20:41","slug":"finale-copa-de-frankonia-lb-langsee-kickers-74-europapokaaal","status":"publish","type":"post","link":"https:\/\/www.laffer-bimbela.de\/index.php\/archives\/copa-de-frankonia\/1011-finale-copa-de-frankonia-lb-langsee-kickers-74-europapokaaal.html","title":{"rendered":"Finale Copa de Frankonia: LB &#8211; Langsee Kickers 7:4! Europapokaaal!"},"content":{"rendered":"<p><a href=\"https:\/\/i0.wp.com\/www.laffer-bimbela.de\/wp-content\/uploads\/2011\/11\/20111101-173528.jpg?ssl=1\"><img loading=\"lazy\" class=\"size-full alignleft\" src=\"https:\/\/i0.wp.com\/www.laffer-bimbela.de\/wp-content\/uploads\/2011\/11\/20111101-173528.jpg?resize=216%2C105&#038;ssl=1\" alt=\"20111101-173528.jpg\" width=\"216\" height=\"105\" data-recalc-dims=\"1\" \/><\/a>Nach dem Saison-Ende in der Laufer Hobbyliga und dem etwas entt\u00e4uschenden 4. Platz f\u00fcr LB1 (Espanyol Bimbelona kam in Division 2 auf nen ordentlichen 8.Platz) stand der letzte H\u00f6hepunkt an: Das sog. &#8220;Champions-League-Finale&#8221; gegen den <a href=\"http:\/\/www.rangauliga.de\/s2010.html\" target=\"_blank\">Rangaumeister 2010<\/a>, die Langsee Kickers! Eigentlich hat diese Veranstaltung ja den herrlich, fr\u00e4nkischen Namen &#8220;<a href=\"http:\/\/www.hobbyliga-lauf.de\/index.php?id=401\" target=\"_blank\">Copa de Frankonia<\/a>&#8220;, aber da die 3 besten Teams beider Ligen eine Gruppenphase und eine KO-Runde ausspielten, ist CL einfach treffender! \ud83d\ude42<\/p>\n<p>Beim ESV Fl\u00fcgelrad N\u00fcrnberg fand man beste Bedingungen vor, nur den Einlauf-Chor (&#8220;<a href=\"http:\/\/www.youtube.com\/watch?v=BgomX3qD-iA\" target=\"_blank\">UEFA Champions Theme<\/a>&#8220;) musste jeder f\u00fcr sich selbst singen! (Kleiner Tipp: Den Link klicken und dann mit Musik weiterlesen). \ud83d\ude09<\/p>\n<p>So ging man gleich in die Vollen, und das diesmal ohne lockere Spr\u00fcche zu Beginn. Die Bimbela waren hoch konzentriert und heiss &#8211; Marc Thompson kam sogar von der Arbeit, quasi als Mittagspause, r\u00fcber! Alles in Allem die Laffer in Bestbesetzung, als sogar noch Ralf Schober als letzter eintraf (machte wohl die gleiche Stadtrundfahrt wie vorher Meussel ;-)), blieb man trotzdem auf dem Boden der Tatsachen &#8211; auch neu bei LB! \ud83d\ude09<\/p>\n<p>Die hellblauen waren gleich Chef auf dem Feld, hinten sicher mit Winter, Becker und Eder, davor trieben Schober R., Montalto, Thompson und Fabi Steinbach immer wieder an und in der Spitze k\u00e4mpften mit Meussel und Brandl gef\u00fchlte 50 Jahre Fussballerfahrung um den Ball! Abgerundet durch Martin Steinbach im Tor, der in Stuhlfauth-Manier auf Handschuhe verzichtete! Nach wenigen Augenblicken eine gute M\u00f6glichkeit durch Meussel, aber der Langsee-Keeper war auf dem Posten. Nach drei weiteren M\u00f6glichkeiten und ca. 15 Minuten war es dann Brandl, der nach tollem Zuspiel vom &#8220;Assist-Thompson&#8221; mit etwas Gl\u00fcck (da abgef\u00e4lscht) die 1:0-F\u00fchrung markieren durfte! Lauf blieb am Dr\u00fccker, die Kickers waren nie zwingend gef\u00e4hrlich. Doch als es etwas Gemecker gab und hier und da der jeweils andere der Nicklichkeiten beschuldigt wurde (ein Langsee-Spieler verlie\u00df sogar beleidigt das gesamte Spiel, nur um 5 Minuten sp\u00e4ter wieder voll durchzustarten), waren die Laffer anf\u00e4llig. Ein Freisto\u00df entbl\u00f6sste unsere Abwehr, sodass Martin beim 1:1 keine Chance hatte. Aber im direkten Gegenzug \u00fcber Eder, Thompson und Torsch\u00fctze Montalto zeigten die Ex-Veillchen ihr k\u00f6nnen &#8211; 2:1! Nun war wieder &#8220;Chancen vergeben&#8221; angesagt (siehe Bild)! Die dickste hatte Brandl, als er und Thompson zu zweit aufs Tor liefen und er das Ei nicht im leeren Geh\u00e4use unter brachte. Halbzeitstand 2:1!<\/p>\n<p>Nun war die Frage, ob Langsee alles auf eine Karte setzte. Vielmehr aber ging das Spiel so weiter, wie in H\u00e4lfte 1. Wieder wurden beste Gelegenheiten ausgelassen, bis sich Fabi Steinbach ein Herz fasste, drei Abwehrspieler umkurvte und unwiderstehlich einschoss &#8211; 3:1, gaanz wichtig, der Puls wurde ruhiger. Als anschlie\u00dfend Brandl eingewechselt wurde und eine lange Flanke von Thompson in Uwe Seeler Manier zum 4:1 eink\u00f6pfte, schien das Spiel entschieden.<\/p>\n<p>Doch nun kamen die Kickers, immer wieder angetrieben durch ihren lauten \u00d6sterreicher, zur\u00fcck ins Spiel. Mit zwei blitzsauberen Toren zum 2:4 und 3:4 machten sie es noch mal ultra spannend und zeigten, warum sie in der <a href=\"http:\/\/www.rangauliga.de\" target=\"_blank\">Rangauliga<\/a> auf Platz 2 stehen! M\u00fcsig zu erw\u00e4hnen, dass es auch hier nicht ohne Gejammer abging (nat\u00fcrlich weit unter Dragon-Niveau, das muss dazu gesagt werden). Leider finden sich in jedem Team immer die Hei\u00dfsporne zusammen, is ja bei uns nicht anders. Wobei man aber sagen muss, dass sogar nach dem R\u00fcckpass-Verdacht (Hallo? Hobbyliga und R\u00fcckpass?) des Ober-Reklamierers und bereits verabschiedeten Spielers unser Torwart dem Ball fairerweise nach dr\u00fcben schlug; und die Hintermannschaft der Kickers diesen wieder zur\u00fcck. Also halb so wild, scheinbar haben sie nicht alle ihre Akteure in den Regeln gebrieft! In jedem Fall waren wir von da ab dann &#8220;die Bauern&#8221;, woraufhin wir uns entschieden bei Wortgefechten h\u00f6chstl\u00f6blich den involvierten Spieler &#8220;vom Platz zu nehmen&#8221; (aber meist gingen diese selbst, abk\u00fchlen, und dann gehts weiter, so muss es sein).<\/p>\n<p><a href=\"https:\/\/i0.wp.com\/www.laffer-bimbela.de\/wp-content\/uploads\/2011\/11\/20111101-204124.jpg?ssl=1\"><img loading=\"lazy\" class=\"alignleft size-medium\" src=\"https:\/\/i0.wp.com\/www.laffer-bimbela.de\/wp-content\/uploads\/2011\/11\/20111101-204124.jpg?resize=240%2C119&#038;ssl=1\" alt=\"20111101-204124.jpg\" width=\"240\" height=\"119\" data-recalc-dims=\"1\" \/><\/a>Zum Gl\u00fcck erwies sich der Langsee-Aufstand als Strohfeuer, denn nach Ralf Schobers (heute bei weitem nicht so verspielt) Treffer zum 5:3 (gaaanz wichtig) lie\u00dfen sie die Fl\u00fcgel h\u00e4ngen. Jetzt konnte entspannt werden (siehe Laufstil vom Marc auf nebenstehenden Bild) und vor allem was f\u00fcr Brandls Puls getan werden: Fabi Steinbach mit dem 6:3 und Enzo Montalto, nach wieder einmal hervorragendem Querpass von Assist-Thompson zum 7:3!<\/p>\n<p>Die Kickers wehrten sich jetzt aber immer noch, sodass der sehr gute Martin Steinbach doch noch einmal hinter sich greifen musste: Endstand 7:4! Sieg!<\/p>\n<p>Endlich mal wieder was f\u00fcr die <a href=\"https:\/\/www.laffer-bimbela.de\/index.php\/hall-of-fame\" target=\"_blank\">Bimbela Hall of fame<\/a>!<\/p>\n<p><strong>Fazit:<\/strong><br \/>\nDie Bimbela waren heute richtig stark, weil sehr konzentriert. Leider besteht das Problem Chancenverwertung noch immer, denn sonst w\u00e4re nach einem 5:1-Halbzeitstand der Drops fr\u00fchzeitig gelutscht gewesen &#8211; zwar war auch Pech dabei, da der Ball 5x ans Aluminium klatschte. Aber auch heute hat sich wieder gezeigt, dass sich das Laffer-Spiel \u00fcber eine ordentliche Defensive definiert! Einzelne Spieler heute rauszuheben, w\u00fcrde der mannschaftlichen Geschlossenheit am heutigen Tag nicht gerecht werden!<\/p>\n<p>Und hier kann man sich nun ansehen, wie die Copa de Franconia Sieger nach ihrer R\u00fcckkunft in Lauf begr\u00fc\u00dft wurden:<br \/>\n<a href=\"http:\/\/www.youtube.com\/watch?v=tqCYKY0fP8U\" target=\"_blank\">Europapokaal, Europapokaal (Youtube)<\/a>! \ud83d\ude09<\/p>\n<p>Ausnahmezustand rund um den Markplatz, als der Korso mit den Spielern eintraf! Ganz Lauf im Bimbela-Fieber, sogar die Polizei regelte den Verkehr in lila-braunen Outfits! Das ber\u00fchmte Altstadtfest, so B\u00fcrgermeister Bisping beim Empfang im Rathaus, wird k\u00fcnftig zum Gedenken an den Triumph am 1.11. stattfinden!! :-)))<\/p>\n<p><strong>Spieler:<\/strong><br \/>\n&#8211; Martin Steinbach<br \/>\n&#8211; Kai Eder<br \/>\n&#8211; Tobi Becker<br \/>\n&#8211; Flo Winter<br \/>\n&#8211; Enzo Montalto (2 Tore)<br \/>\n&#8211; Fabi Steinbach (2 Tore)<br \/>\n&#8211; Ralf Schober (1 Tor)<br \/>\n&#8211; Marc Thompson (mind. 4 Assists)<br \/>\n&#8211; Andreas Brandl (2 Tore)<br \/>\n&#8211; Rainer Meussel<\/p>\n<div class=\"sharedaddy sd-sharing-enabled\"><div class=\"robots-nocontent sd-block sd-social sd-social-icon sd-sharing\"><h3 class=\"sd-title\">Teilen \u00fcber:<\/h3><div class=\"sd-content\"><ul><li class=\"share-email\"><a rel=\"nofollow noopener noreferrer\" data-shared=\"\" class=\"share-email sd-button share-icon no-text\" href=\"https:\/\/www.laffer-bimbela.de\/index.php\/archives\/copa-de-frankonia\/1011-finale-copa-de-frankonia-lb-langsee-kickers-74-europapokaaal.html?share=email\" target=\"_blank\" title=\"Klick, um dies einem Freund per E-Mail zu senden\"><span><\/span><span class=\"sharing-screen-reader-text\">Klick, um dies einem Freund per E-Mail zu senden (Wird in neuem Fenster ge\u00f6ffnet)<\/span><\/a><\/li><li class=\"share-twitter\"><a rel=\"nofollow noopener noreferrer\" data-shared=\"sharing-twitter-1011\" class=\"share-twitter sd-button share-icon no-text\" href=\"https:\/\/www.laffer-bimbela.de\/index.php\/archives\/copa-de-frankonia\/1011-finale-copa-de-frankonia-lb-langsee-kickers-74-europapokaaal.html?share=twitter\" target=\"_blank\" title=\"Klick, um \u00fcber Twitter zu teilen\"><span><\/span><span class=\"sharing-screen-reader-text\">Klick, um \u00fcber Twitter zu teilen (Wird in neuem Fenster ge\u00f6ffnet)<\/span><\/a><\/li><li><a href=\"#\" class=\"sharing-anchor sd-button share-more\"><span>Mehr<\/span><\/a><\/li><li class=\"share-end\"><\/li><\/ul><div class=\"sharing-hidden\"><div class=\"inner\" style=\"display: none;width:150px;\"><ul style=\"background-image:none;\"><li class=\"share-facebook\"><a rel=\"nofollow noopener noreferrer\" data-shared=\"sharing-facebook-1011\" class=\"share-facebook sd-button share-icon no-text\" href=\"https:\/\/www.laffer-bimbela.de\/index.php\/archives\/copa-de-frankonia\/1011-finale-copa-de-frankonia-lb-langsee-kickers-74-europapokaaal.html?share=facebook\" target=\"_blank\" title=\"Klick, um auf Facebook zu teilen\"><span><\/span><span class=\"sharing-screen-reader-text\">Klick, um auf Facebook zu teilen (Wird in neuem Fenster ge\u00f6ffnet)<\/span><\/a><\/li><li class=\"share-end\"><\/li><\/ul><\/div><\/div><\/div><\/div><\/div>","protected":false},"excerpt":{"rendered":"<p>Nach dem Saison-Ende in der Laufer Hobbyliga und dem etwas entt\u00e4uschenden 4. Platz f\u00fcr LB1 (Espanyol Bimbelona kam in Division 2 auf nen ordentlichen 8.Platz) stand der letzte H\u00f6hepunkt an: Das sog. &#8220;Champions-League-Finale&#8221; gegen den Rangaumeister 2010, die Langsee Kickers! Eigentlich hat diese Veranstaltung ja den herrlich, fr\u00e4nkischen Namen &#8220;Copa de Frankonia&#8220;, aber da die [&hellip;]<\/p>\n<div class=\"sharedaddy sd-sharing-enabled\"><div class=\"robots-nocontent sd-block sd-social sd-social-icon sd-sharing\"><h3 class=\"sd-title\">Teilen \u00fcber:<\/h3><div class=\"sd-content\"><ul><li class=\"share-email\"><a rel=\"nofollow noopener noreferrer\" data-shared=\"\" class=\"share-email sd-button share-icon no-text\" href=\"https:\/\/www.laffer-bimbela.de\/index.php\/archives\/copa-de-frankonia\/1011-finale-copa-de-frankonia-lb-langsee-kickers-74-europapokaaal.html?share=email\" target=\"_blank\" title=\"Klick, um dies einem Freund per E-Mail zu senden\"><span><\/span><span class=\"sharing-screen-reader-text\">Klick, um dies einem Freund per E-Mail zu senden (Wird in neuem Fenster ge\u00f6ffnet)<\/span><\/a><\/li><li class=\"share-twitter\"><a rel=\"nofollow noopener noreferrer\" data-shared=\"sharing-twitter-1011\" class=\"share-twitter sd-button share-icon no-text\" href=\"https:\/\/www.laffer-bimbela.de\/index.php\/archives\/copa-de-frankonia\/1011-finale-copa-de-frankonia-lb-langsee-kickers-74-europapokaaal.html?share=twitter\" target=\"_blank\" title=\"Klick, um \u00fcber Twitter zu teilen\"><span><\/span><span class=\"sharing-screen-reader-text\">Klick, um \u00fcber Twitter zu teilen (Wird in neuem Fenster ge\u00f6ffnet)<\/span><\/a><\/li><li><a href=\"#\" class=\"sharing-anchor sd-button share-more\"><span>Mehr<\/span><\/a><\/li><li class=\"share-end\"><\/li><\/ul><div class=\"sharing-hidden\"><div class=\"inner\" style=\"display: none;width:150px;\"><ul style=\"background-image:none;\"><li class=\"share-facebook\"><a rel=\"nofollow noopener noreferrer\" data-shared=\"sharing-facebook-1011\" class=\"share-facebook sd-button share-icon no-text\" href=\"https:\/\/www.laffer-bimbela.de\/index.php\/archives\/copa-de-frankonia\/1011-finale-copa-de-frankonia-lb-langsee-kickers-74-europapokaaal.html?share=facebook\" target=\"_blank\" title=\"Klick, um auf Facebook zu teilen\"><span><\/span><span class=\"sharing-screen-reader-text\">Klick, um auf Facebook zu teilen (Wird in neuem Fenster ge\u00f6ffnet)<\/span><\/a><\/li><li class=\"share-end\"><\/li><\/ul><\/div><\/div><\/div><\/div><\/div>","protected":false},"author":6,"featured_media":0,"comment_status":"open","ping_status":"open","sticky":false,"template":"","format":"standard","meta":{"spay_email":"","jetpack_publicize_message":""},"categories":[104],"tags":[155,105],"jetpack_featured_media_url":"","jetpack_publicize_connections":[],"yoast_head":"<!-- This site is optimized with the Yoast SEO plugin v18.2 - https:\/\/yoast.com\/wordpress\/plugins\/seo\/ -->\n<meta name=\"robots\" content=\"index, follow, max-snippet:-1, max-image-preview:large, max-video-preview:-1\" \/>\n<link rel=\"canonical\" href=\"https:\/\/www.laffer-bimbela.de\/index.php\/archives\/copa-de-frankonia\/1011-finale-copa-de-frankonia-lb-langsee-kickers-74-europapokaaal.html\" \/>\n<meta property=\"og:locale\" content=\"de_DE\" \/>\n<meta property=\"og:type\" content=\"article\" \/>\n<meta property=\"og:title\" content=\"Finale Copa de Frankonia: LB - Langsee Kickers 7:4! Europapokaaal! - Die Laffer Bimbela\" \/>\n<meta property=\"og:description\" content=\"Nach dem Saison-Ende in der Laufer Hobbyliga und dem etwas entt\u00e4uschenden 4. Platz f\u00fcr LB1 (Espanyol Bimbelona kam in Division 2 auf nen ordentlichen 8.Platz) stand der letzte H\u00f6hepunkt an: Das sog. &#8220;Champions-League-Finale&#8221; gegen den Rangaumeister 2010, die Langsee Kickers! Eigentlich hat diese Veranstaltung ja den herrlich, fr\u00e4nkischen Namen &#8220;Copa de Frankonia&#8220;, aber da die [&hellip;]\" \/>\n<meta property=\"og:url\" content=\"https:\/\/www.laffer-bimbela.de\/index.php\/archives\/copa-de-frankonia\/1011-finale-copa-de-frankonia-lb-langsee-kickers-74-europapokaaal.html\" \/>\n<meta property=\"og:site_name\" content=\"Die Laffer Bimbela\" \/>\n<meta property=\"article:published_time\" content=\"2011-11-01T20:21:59+00:00\" \/>\n<meta property=\"article:modified_time\" content=\"2011-11-02T16:20:41+00:00\" \/>\n<meta property=\"og:image\" content=\"https:\/\/www.laffer-bimbela.de\/wp-content\/uploads\/2011\/11\/20111101-173528.jpg\" \/>\n<meta name=\"twitter:card\" content=\"summary_large_image\" \/>\n<meta name=\"twitter:label1\" content=\"Verfasst von\" \/>\n\t<meta name=\"twitter:data1\" content=\"Andreas Brandl\" \/>\n\t<meta name=\"twitter:label2\" content=\"Gesch\u00e4tzte Lesezeit\" \/>\n\t<meta name=\"twitter:data2\" content=\"5\u00a0Minuten\" \/>\n<script type=\"application\/ld+json\" class=\"yoast-schema-graph\">{\"@context\":\"https:\/\/schema.org\",\"@graph\":[{\"@type\":\"WebSite\",\"@id\":\"https:\/\/www.laffer-bimbela.de\/#website\",\"url\":\"https:\/\/www.laffer-bimbela.de\/\",\"name\":\"Die Laffer Bimbela\",\"description\":\"1.FC N\u00fcrnberg Fanclub aus Lauf a.d. Pegnitz\",\"potentialAction\":[{\"@type\":\"SearchAction\",\"target\":{\"@type\":\"EntryPoint\",\"urlTemplate\":\"https:\/\/www.laffer-bimbela.de\/?s={search_term_string}\"},\"query-input\":\"required name=search_term_string\"}],\"inLanguage\":\"de\"},{\"@type\":\"ImageObject\",\"@id\":\"https:\/\/www.laffer-bimbela.de\/index.php\/archives\/copa-de-frankonia\/1011-finale-copa-de-frankonia-lb-langsee-kickers-74-europapokaaal.html#primaryimage\",\"inLanguage\":\"de\",\"url\":\"https:\/\/www.laffer-bimbela.de\/wp-content\/uploads\/2011\/11\/20111101-173528.jpg\",\"contentUrl\":\"https:\/\/www.laffer-bimbela.de\/wp-content\/uploads\/2011\/11\/20111101-173528.jpg\"},{\"@type\":\"WebPage\",\"@id\":\"https:\/\/www.laffer-bimbela.de\/index.php\/archives\/copa-de-frankonia\/1011-finale-copa-de-frankonia-lb-langsee-kickers-74-europapokaaal.html#webpage\",\"url\":\"https:\/\/www.laffer-bimbela.de\/index.php\/archives\/copa-de-frankonia\/1011-finale-copa-de-frankonia-lb-langsee-kickers-74-europapokaaal.html\",\"name\":\"Finale Copa de Frankonia: LB - Langsee Kickers 7:4! Europapokaaal! - Die Laffer Bimbela\",\"isPartOf\":{\"@id\":\"https:\/\/www.laffer-bimbela.de\/#website\"},\"primaryImageOfPage\":{\"@id\":\"https:\/\/www.laffer-bimbela.de\/index.php\/archives\/copa-de-frankonia\/1011-finale-copa-de-frankonia-lb-langsee-kickers-74-europapokaaal.html#primaryimage\"},\"datePublished\":\"2011-11-01T20:21:59+00:00\",\"dateModified\":\"2011-11-02T16:20:41+00:00\",\"author\":{\"@id\":\"https:\/\/www.laffer-bimbela.de\/#\/schema\/person\/254d95c93eb07990208e4910917ae233\"},\"breadcrumb\":{\"@id\":\"https:\/\/www.laffer-bimbela.de\/index.php\/archives\/copa-de-frankonia\/1011-finale-copa-de-frankonia-lb-langsee-kickers-74-europapokaaal.html#breadcrumb\"},\"inLanguage\":\"de\",\"potentialAction\":[{\"@type\":\"ReadAction\",\"target\":[\"https:\/\/www.laffer-bimbela.de\/index.php\/archives\/copa-de-frankonia\/1011-finale-copa-de-frankonia-lb-langsee-kickers-74-europapokaaal.html\"]}]},{\"@type\":\"BreadcrumbList\",\"@id\":\"https:\/\/www.laffer-bimbela.de\/index.php\/archives\/copa-de-frankonia\/1011-finale-copa-de-frankonia-lb-langsee-kickers-74-europapokaaal.html#breadcrumb\",\"itemListElement\":[{\"@type\":\"ListItem\",\"position\":1,\"name\":\"Startseite\",\"item\":\"https:\/\/www.laffer-bimbela.de\/\"},{\"@type\":\"ListItem\",\"position\":2,\"name\":\"Finale Copa de Frankonia: LB &#8211; Langsee Kickers 7:4! Europapokaaal!\"}]},{\"@type\":\"Person\",\"@id\":\"https:\/\/www.laffer-bimbela.de\/#\/schema\/person\/254d95c93eb07990208e4910917ae233\",\"name\":\"Andreas Brandl\",\"image\":{\"@type\":\"ImageObject\",\"@id\":\"https:\/\/www.laffer-bimbela.de\/#personlogo\",\"inLanguage\":\"de\",\"url\":\"https:\/\/secure.gravatar.com\/avatar\/b577aa88df95ca59ef102fb43091764e?s=96&d=mm&r=g\",\"contentUrl\":\"https:\/\/secure.gravatar.com\/avatar\/b577aa88df95ca59ef102fb43091764e?s=96&d=mm&r=g\",\"caption\":\"Andreas Brandl\"},\"sameAs\":[\"https:\/\/www.laffer-bimbela.de\"],\"url\":\"https:\/\/www.laffer-bimbela.de\/index.php\/archives\/author\/andy\"}]}<\/script>\n<!-- \/ Yoast SEO plugin. -->","yoast_head_json":{"robots":{"index":"index","follow":"follow","max-snippet":"max-snippet:-1","max-image-preview":"max-image-preview:large","max-video-preview":"max-video-preview:-1"},"canonical":"https:\/\/www.laffer-bimbela.de\/index.php\/archives\/copa-de-frankonia\/1011-finale-copa-de-frankonia-lb-langsee-kickers-74-europapokaaal.html","og_locale":"de_DE","og_type":"article","og_title":"Finale Copa de Frankonia: LB - Langsee Kickers 7:4! Europapokaaal! - Die Laffer Bimbela","og_description":"Nach dem Saison-Ende in der Laufer Hobbyliga und dem etwas entt\u00e4uschenden 4. Platz f\u00fcr LB1 (Espanyol Bimbelona kam in Division 2 auf nen ordentlichen 8.Platz) stand der letzte H\u00f6hepunkt an: Das sog. &#8220;Champions-League-Finale&#8221; gegen den Rangaumeister 2010, die Langsee Kickers! Eigentlich hat diese Veranstaltung ja den herrlich, fr\u00e4nkischen Namen &#8220;Copa de Frankonia&#8220;, aber da die [&hellip;]","og_url":"https:\/\/www.laffer-bimbela.de\/index.php\/archives\/copa-de-frankonia\/1011-finale-copa-de-frankonia-lb-langsee-kickers-74-europapokaaal.html","og_site_name":"Die Laffer Bimbela","article_published_time":"2011-11-01T20:21:59+00:00","article_modified_time":"2011-11-02T16:20:41+00:00","og_image":[{"url":"https:\/\/www.laffer-bimbela.de\/wp-content\/uploads\/2011\/11\/20111101-173528.jpg"}],"twitter_card":"summary_large_image","twitter_misc":{"Verfasst von":"Andreas Brandl","Gesch\u00e4tzte Lesezeit":"5\u00a0Minuten"},"schema":{"@context":"https:\/\/schema.org","@graph":[{"@type":"WebSite","@id":"https:\/\/www.laffer-bimbela.de\/#website","url":"https:\/\/www.laffer-bimbela.de\/","name":"Die Laffer Bimbela","description":"1.FC N\u00fcrnberg Fanclub aus Lauf a.d. Pegnitz","potentialAction":[{"@type":"SearchAction","target":{"@type":"EntryPoint","urlTemplate":"https:\/\/www.laffer-bimbela.de\/?s={search_term_string}"},"query-input":"required name=search_term_string"}],"inLanguage":"de"},{"@type":"ImageObject","@id":"https:\/\/www.laffer-bimbela.de\/index.php\/archives\/copa-de-frankonia\/1011-finale-copa-de-frankonia-lb-langsee-kickers-74-europapokaaal.html#primaryimage","inLanguage":"de","url":"https:\/\/www.laffer-bimbela.de\/wp-content\/uploads\/2011\/11\/20111101-173528.jpg","contentUrl":"https:\/\/www.laffer-bimbela.de\/wp-content\/uploads\/2011\/11\/20111101-173528.jpg"},{"@type":"WebPage","@id":"https:\/\/www.laffer-bimbela.de\/index.php\/archives\/copa-de-frankonia\/1011-finale-copa-de-frankonia-lb-langsee-kickers-74-europapokaaal.html#webpage","url":"https:\/\/www.laffer-bimbela.de\/index.php\/archives\/copa-de-frankonia\/1011-finale-copa-de-frankonia-lb-langsee-kickers-74-europapokaaal.html","name":"Finale Copa de Frankonia: LB - Langsee Kickers 7:4! Europapokaaal! - Die Laffer Bimbela","isPartOf":{"@id":"https:\/\/www.laffer-bimbela.de\/#website"},"primaryImageOfPage":{"@id":"https:\/\/www.laffer-bimbela.de\/index.php\/archives\/copa-de-frankonia\/1011-finale-copa-de-frankonia-lb-langsee-kickers-74-europapokaaal.html#primaryimage"},"datePublished":"2011-11-01T20:21:59+00:00","dateModified":"2011-11-02T16:20:41+00:00","author":{"@id":"https:\/\/www.laffer-bimbela.de\/#\/schema\/person\/254d95c93eb07990208e4910917ae233"},"breadcrumb":{"@id":"https:\/\/www.laffer-bimbela.de\/index.php\/archives\/copa-de-frankonia\/1011-finale-copa-de-frankonia-lb-langsee-kickers-74-europapokaaal.html#breadcrumb"},"inLanguage":"de","potentialAction":[{"@type":"ReadAction","target":["https:\/\/www.laffer-bimbela.de\/index.php\/archives\/copa-de-frankonia\/1011-finale-copa-de-frankonia-lb-langsee-kickers-74-europapokaaal.html"]}]},{"@type":"BreadcrumbList","@id":"https:\/\/www.laffer-bimbela.de\/index.php\/archives\/copa-de-frankonia\/1011-finale-copa-de-frankonia-lb-langsee-kickers-74-europapokaaal.html#breadcrumb","itemListElement":[{"@type":"ListItem","position":1,"name":"Startseite","item":"https:\/\/www.laffer-bimbela.de\/"},{"@type":"ListItem","position":2,"name":"Finale Copa de Frankonia: LB &#8211; Langsee Kickers 7:4! Europapokaaal!"}]},{"@type":"Person","@id":"https:\/\/www.laffer-bimbela.de\/#\/schema\/person\/254d95c93eb07990208e4910917ae233","name":"Andreas Brandl","image":{"@type":"ImageObject","@id":"https:\/\/www.laffer-bimbela.de\/#personlogo","inLanguage":"de","url":"https:\/\/secure.gravatar.com\/avatar\/b577aa88df95ca59ef102fb43091764e?s=96&d=mm&r=g","contentUrl":"https:\/\/secure.gravatar.com\/avatar\/b577aa88df95ca59ef102fb43091764e?s=96&d=mm&r=g","caption":"Andreas Brandl"},"sameAs":["https:\/\/www.laffer-bimbela.de"],"url":"https:\/\/www.laffer-bimbela.de\/index.php\/archives\/author\/andy"}]}},"jetpack_sharing_enabled":true,"jetpack_shortlink":"https:\/\/wp.me\/p7Uyt8-gj","jetpack-related-posts":[],"_links":{"self":[{"href":"https:\/\/www.laffer-bimbela.de\/index.php\/wp-json\/wp\/v2\/posts\/1011"}],"collection":[{"href":"https:\/\/www.laffer-bimbela.de\/index.php\/wp-json\/wp\/v2\/posts"}],"about":[{"href":"https:\/\/www.laffer-bimbela.de\/index.php\/wp-json\/wp\/v2\/types\/post"}],"author":[{"embeddable":true,"href":"https:\/\/www.laffer-bimbela.de\/index.php\/wp-json\/wp\/v2\/users\/6"}],"replies":[{"embeddable":true,"href":"https:\/\/www.laffer-bimbela.de\/index.php\/wp-json\/wp\/v2\/comments?post=1011"}],"version-history":[{"count":7,"href":"https:\/\/www.laffer-bimbela.de\/index.php\/wp-json\/wp\/v2\/posts\/1011\/revisions"}],"predecessor-version":[{"id":1019,"href":"https:\/\/www.laffer-bimbela.de\/index.php\/wp-json\/wp\/v2\/posts\/1011\/revisions\/1019"}],"wp:attachment":[{"href":"https:\/\/www.laffer-bimbela.de\/index.php\/wp-json\/wp\/v2\/media?parent=1011"}],"wp:term":[{"taxonomy":"category","embeddable":true,"href":"https:\/\/www.laffer-bimbela.de\/index.php\/wp-json\/wp\/v2\/categories?post=1011"},{"taxonomy":"post_tag","embeddable":true,"href":"https:\/\/www.laffer-bimbela.de\/index.php\/wp-json\/wp\/v2\/tags?post=1011"}],"curies":[{"name":"wp","href":"https:\/\/api.w.org\/{rel}","templated":true}]}}